
{"id":74665,"date":"2018-08-28T17:57:52","date_gmt":"2018-08-28T20:57:52","guid":{"rendered":"http:\/\/www.sudoestehoje.com.br\/novoportal\/?p=74665"},"modified":"2018-08-28T17:57:52","modified_gmt":"2018-08-28T20:57:52","slug":"mulher-que-matou-esquartejou-queimou-e-enterrou-o-proprio-filho-e-solta-em-itabuna","status":"publish","type":"post","link":"https:\/\/www.sudoestehoje.com.br\/novoportal\/2018\/08\/28\/mulher-que-matou-esquartejou-queimou-e-enterrou-o-proprio-filho-e-solta-em-itabuna\/","title":{"rendered":"MULHER QUE MATOU, ESQUARTEJOU, QUEIMOU E ENTERROU O PR\u00d3PRIO FILHO, \u00c9 SOLTA EM ITABUNA"},"content":{"rendered":"<div class=\"mc-column content-text active-extra-styles active-capital-letter\" data-block-type=\"unstyled\" data-block-weight=\"44\" data-block-id=\"2\">\n<p class=\"content-text__container theme-color-primary-first-letter\" data-track-category=\"Link no Texto\" data-track-links=\"\"><a href=\"http:\/\/www.sudoestehoje.com.br\/novoportal\/wp-content\/uploads\/2018\/08\/ESQUARTEJOU-FILHO-ITABUNA.jpg\"><img loading=\"lazy\" decoding=\"async\" class=\"aligncenter size-medium wp-image-74668\" src=\"http:\/\/www.sudoestehoje.com.br\/novoportal\/wp-content\/uploads\/2018\/08\/ESQUARTEJOU-FILHO-ITABUNA-500x309.jpg\" alt=\"\" width=\"500\" height=\"309\" srcset=\"https:\/\/www.sudoestehoje.com.br\/novoportal\/wp-content\/uploads\/2018\/08\/ESQUARTEJOU-FILHO-ITABUNA-500x309.jpg 500w, https:\/\/www.sudoestehoje.com.br\/novoportal\/wp-content\/uploads\/2018\/08\/ESQUARTEJOU-FILHO-ITABUNA.jpg 501w\" sizes=\"auto, (max-width: 500px) 100vw, 500px\" \/><\/a><\/p>\n<p class=\"content-text__container theme-color-primary-first-letter\" data-track-category=\"Link no Texto\" data-track-links=\"\">A mulher que confessou ter matado e enterrado o pr\u00f3prio filho, um beb\u00ea de um m\u00eas, recebeu liberdade provis\u00f3ria depois de uma audi\u00eancia de cust\u00f3dia realizada na segunda-feira (27), em Itabuna, no sul da Bahia. A informa\u00e7\u00e3o \u00e9 da Pol\u00edcia Civil e confirmada pela Justi\u00e7a.<\/p>\n<\/div>\n<div class=\"wall\">\n<div class=\"mc-column content-text active-extra-styles \" data-block-type=\"unstyled\" data-block-weight=\"19\" data-block-id=\"3\">\n<p class=\"content-text__container \" data-track-category=\"Link no Texto\" data-track-links=\"\">Rosemare de Oliveira estava presa desde o \u00faltimo s\u00e1bado (25), depois que familiares dela denunciaram o desaparecimento da crian\u00e7a.<\/p>\n<\/div>\n<div class=\"mc-column content-text active-extra-styles \" data-block-type=\"unstyled\" data-block-weight=\"46\" data-block-id=\"4\">\n<p class=\"content-text__container \" data-track-category=\"Link no Texto\" data-track-links=\"\">Conforme informou a dire\u00e7\u00e3o da Vara do J\u00fari de Itabuna, Rosemare teve liberdade provis\u00f3ria concedida pela 2\u00ba Vara Crime, pois ainda vai passar por um exame de constata\u00e7\u00e3o da sanidade mental. At\u00e9 realizar o procedimento m\u00e9dico, ela continua a responder ao processo de infantic\u00eddio em liberdade.<\/p>\n<\/div>\n<div class=\"mc-column content-text active-extra-styles \" data-block-type=\"unstyled\" data-block-weight=\"35\" data-block-id=\"5\">\n<p class=\"content-text__container \" data-track-category=\"Link no Texto\" data-track-links=\"\">De acordo com a Justi\u00e7a, o resultado do exame de sanidade mental \u00e9 que deve definir se Rosemare ser\u00e1 presa ou encaminhada para o hospital de cust\u00f3dia, em Salvador, para tratamento. Ela \u00e9 r\u00e9 prim\u00e1ria. \/\/G1<\/p>\n<\/div>\n<\/div>\n","protected":false},"excerpt":{"rendered":"<p>A mulher que confessou ter matado e enterrado o pr\u00f3prio filho, um beb\u00ea de um m\u00eas, recebeu liberdade provis\u00f3ria depois de uma audi\u00eancia de cust\u00f3dia realizada na segunda-feira (27), em Itabuna, no sul da Bahia. A informa\u00e7\u00e3o \u00e9 da Pol\u00edcia Civil e confirmada pela Justi\u00e7a. Rosemare de Oliveira estava presa desde o \u00faltimo s\u00e1bado (25), [&hellip;]<\/p>\n","protected":false},"author":2,"featured_media":74668,"comment_status":"open","ping_status":"open","sticky":false,"template":"","format":"standard","meta":{"footnotes":"","_links_to":"","_links_to_target":""},"categories":[1],"tags":[],"class_list":["post-74665","post","type-post","status-publish","format-standard","has-post-thumbnail","hentry","category-geral"],"views":6041,"_links":{"self":[{"href":"https:\/\/www.sudoestehoje.com.br\/novoportal\/wp-json\/wp\/v2\/posts\/74665","targetHints":{"allow":["GET"]}}],"collection":[{"href":"https:\/\/www.sudoestehoje.com.br\/novoportal\/wp-json\/wp\/v2\/posts"}],"about":[{"href":"https:\/\/www.sudoestehoje.com.br\/novoportal\/wp-json\/wp\/v2\/types\/post"}],"author":[{"embeddable":true,"href":"https:\/\/www.sudoestehoje.com.br\/novoportal\/wp-json\/wp\/v2\/users\/2"}],"replies":[{"embeddable":true,"href":"https:\/\/www.sudoestehoje.com.br\/novoportal\/wp-json\/wp\/v2\/comments?post=74665"}],"version-history":[{"count":3,"href":"https:\/\/www.sudoestehoje.com.br\/novoportal\/wp-json\/wp\/v2\/posts\/74665\/revisions"}],"predecessor-version":[{"id":74669,"href":"https:\/\/www.sudoestehoje.com.br\/novoportal\/wp-json\/wp\/v2\/posts\/74665\/revisions\/74669"}],"wp:featuredmedia":[{"embeddable":true,"href":"https:\/\/www.sudoestehoje.com.br\/novoportal\/wp-json\/wp\/v2\/media\/74668"}],"wp:attachment":[{"href":"https:\/\/www.sudoestehoje.com.br\/novoportal\/wp-json\/wp\/v2\/media?parent=74665"}],"wp:term":[{"taxonomy":"category","embeddable":true,"href":"https:\/\/www.sudoestehoje.com.br\/novoportal\/wp-json\/wp\/v2\/categories?post=74665"},{"taxonomy":"post_tag","embeddable":true,"href":"https:\/\/www.sudoestehoje.com.br\/novoportal\/wp-json\/wp\/v2\/tags?post=74665"}],"curies":[{"name":"wp","href":"https:\/\/api.w.org\/{rel}","templated":true}]}}