
{"id":74639,"date":"2018-08-26T20:07:32","date_gmt":"2018-08-26T23:07:32","guid":{"rendered":"http:\/\/www.sudoestehoje.com.br\/novoportal\/?p=74639"},"modified":"2018-08-26T23:37:06","modified_gmt":"2018-08-27T02:37:06","slug":"inss-comeca-a-pagar-primeira-parcela-do-13o-dos-aposentados-nesta-segunda","status":"publish","type":"post","link":"https:\/\/www.sudoestehoje.com.br\/novoportal\/2018\/08\/26\/inss-comeca-a-pagar-primeira-parcela-do-13o-dos-aposentados-nesta-segunda\/","title":{"rendered":"INSS COME\u00c7A A PAGAR PRIMEIRA PARCELA DO 13\u00ba DOS APOSENTADOS NESTA SEGUNDA"},"content":{"rendered":"<p>&nbsp;<\/p>\n<p><a href=\"http:\/\/www.sudoestehoje.com.br\/novoportal\/wp-content\/uploads\/2018\/08\/APOSENTADOS-13.jpg\"><img loading=\"lazy\" decoding=\"async\" class=\"aligncenter size-medium wp-image-74640\" src=\"http:\/\/www.sudoestehoje.com.br\/novoportal\/wp-content\/uploads\/2018\/08\/APOSENTADOS-13-500x319.jpg\" alt=\"\" width=\"500\" height=\"319\" srcset=\"https:\/\/www.sudoestehoje.com.br\/novoportal\/wp-content\/uploads\/2018\/08\/APOSENTADOS-13-500x319.jpg 500w, https:\/\/www.sudoestehoje.com.br\/novoportal\/wp-content\/uploads\/2018\/08\/APOSENTADOS-13.jpg 627w\" sizes=\"auto, (max-width: 500px) 100vw, 500px\" \/><\/a>Os aposentados, pensionistas e demais benefici\u00e1rios do INSS (Instituto Nacional do Seguro Social) come\u00e7ar\u00e3o a receber nesta segunda-feira (27) a primeira parcela do 13\u00ba sal\u00e1rio.<\/p>\n<p>O pagamento vai at\u00e9 o dia 10 de setembro e varia conforme o valor do benef\u00edcio do segurado e o n\u00famero final do cart\u00e3o, sem o d\u00edgito. Quem ganha at\u00e9 um sal\u00e1rio m\u00ednimo (R$ 954 hoje) ter\u00e1 o dinheiro depositado na conta entre amanh\u00e3 e o dia 10 de setembro. J\u00e1 quem recebe benef\u00edcio maior ter\u00e1 o pagamento feito entre os dias 3 e 10 de setembro.<\/p>\n<p>A consulta ao extrato com os valores foi liberada na quinta-feira e pode ser feita no site <a href=\"http:\/\/MEU INSS\">meu.inss.gov.br<\/a>.\u00a0Para isso, \u00e9 preciso ter senha. O cadastro \u00e9 r\u00e1pido e o aposentado poder\u00e1 conferir logo em seguida quanto ir\u00e1 sacar de abono de Natal.<\/p>\n","protected":false},"excerpt":{"rendered":"<p>&nbsp; Os aposentados, pensionistas e demais benefici\u00e1rios do INSS (Instituto Nacional do Seguro Social) come\u00e7ar\u00e3o a receber nesta segunda-feira (27) a primeira parcela do 13\u00ba sal\u00e1rio. O pagamento vai at\u00e9 o dia 10 de setembro e varia conforme o valor do benef\u00edcio do segurado e o n\u00famero final do cart\u00e3o, sem o d\u00edgito. Quem ganha [&hellip;]<\/p>\n","protected":false},"author":2,"featured_media":74640,"comment_status":"open","ping_status":"open","sticky":false,"template":"","format":"standard","meta":{"footnotes":"","_links_to":"","_links_to_target":""},"categories":[1],"tags":[],"class_list":["post-74639","post","type-post","status-publish","format-standard","has-post-thumbnail","hentry","category-geral"],"views":1023,"_links":{"self":[{"href":"https:\/\/www.sudoestehoje.com.br\/novoportal\/wp-json\/wp\/v2\/posts\/74639","targetHints":{"allow":["GET"]}}],"collection":[{"href":"https:\/\/www.sudoestehoje.com.br\/novoportal\/wp-json\/wp\/v2\/posts"}],"about":[{"href":"https:\/\/www.sudoestehoje.com.br\/novoportal\/wp-json\/wp\/v2\/types\/post"}],"author":[{"embeddable":true,"href":"https:\/\/www.sudoestehoje.com.br\/novoportal\/wp-json\/wp\/v2\/users\/2"}],"replies":[{"embeddable":true,"href":"https:\/\/www.sudoestehoje.com.br\/novoportal\/wp-json\/wp\/v2\/comments?post=74639"}],"version-history":[{"count":3,"href":"https:\/\/www.sudoestehoje.com.br\/novoportal\/wp-json\/wp\/v2\/posts\/74639\/revisions"}],"predecessor-version":[{"id":74646,"href":"https:\/\/www.sudoestehoje.com.br\/novoportal\/wp-json\/wp\/v2\/posts\/74639\/revisions\/74646"}],"wp:featuredmedia":[{"embeddable":true,"href":"https:\/\/www.sudoestehoje.com.br\/novoportal\/wp-json\/wp\/v2\/media\/74640"}],"wp:attachment":[{"href":"https:\/\/www.sudoestehoje.com.br\/novoportal\/wp-json\/wp\/v2\/media?parent=74639"}],"wp:term":[{"taxonomy":"category","embeddable":true,"href":"https:\/\/www.sudoestehoje.com.br\/novoportal\/wp-json\/wp\/v2\/categories?post=74639"},{"taxonomy":"post_tag","embeddable":true,"href":"https:\/\/www.sudoestehoje.com.br\/novoportal\/wp-json\/wp\/v2\/tags?post=74639"}],"curies":[{"name":"wp","href":"https:\/\/api.w.org\/{rel}","templated":true}]}}