
{"id":74606,"date":"2018-08-23T21:58:01","date_gmt":"2018-08-24T00:58:01","guid":{"rendered":"http:\/\/www.sudoestehoje.com.br\/novoportal\/?p=74606"},"modified":"2018-08-24T00:04:29","modified_gmt":"2018-08-24T03:04:29","slug":"prefeito-de-itambe-compra-carrao-de-luxo-para-seu-gabinete-e-causa-polemica-e-revolta","status":"publish","type":"post","link":"https:\/\/www.sudoestehoje.com.br\/novoportal\/2018\/08\/23\/prefeito-de-itambe-compra-carrao-de-luxo-para-seu-gabinete-e-causa-polemica-e-revolta\/","title":{"rendered":"PREFEITO DE ITAMB\u00c9 COMPRA CARR\u00c3O DE LUXO PARA SEU GABINETE E CAUSA POL\u00caMICA E REVOLTA"},"content":{"rendered":"<p><a href=\"http:\/\/www.sudoestehoje.com.br\/novoportal\/wp-content\/uploads\/2018\/08\/CARR\u00c3O-ITAMB\u00c9.jpg\"><img loading=\"lazy\" decoding=\"async\" class=\"aligncenter size-medium wp-image-74608\" src=\"http:\/\/www.sudoestehoje.com.br\/novoportal\/wp-content\/uploads\/2018\/08\/CARR\u00c3O-ITAMB\u00c9-500x327.jpg\" alt=\"\" width=\"500\" height=\"327\" srcset=\"https:\/\/www.sudoestehoje.com.br\/novoportal\/wp-content\/uploads\/2018\/08\/CARR\u00c3O-ITAMB\u00c9-500x327.jpg 500w, https:\/\/www.sudoestehoje.com.br\/novoportal\/wp-content\/uploads\/2018\/08\/CARR\u00c3O-ITAMB\u00c9.jpg 695w\" sizes=\"auto, (max-width: 500px) 100vw, 500px\" \/><\/a><\/p>\n<p>A aquisi\u00e7\u00e3o de uma carro de luxo para a prefeitura de Itamb\u00e9, autorizada pelo prefeito Eduardo Gama, est\u00e1 causando grande pol\u00eamica na cidade e redes sociais.<\/p>\n<p>De acordo com informa\u00e7\u00f5es do Itamb\u00e9 Agora, o carro modelo Toyota Corolla, ano 2019, licitado no valor de R$ 105.900,00 seria para servir ao gabinete do prefeito. No processo licitat\u00f3rio n\u00e3o diz a fonte do recurso pagador e nem a finalidade da aquisi\u00e7\u00e3o.<\/p>\n<p>A compra do carro deixou a popula\u00e7\u00e3o indignada, pois alguns servi\u00e7os p\u00fablicos e programas sociais como AABB Comunidade, Guarda Mirim e escolinhas de futebol pararam os servi\u00e7os por falta de apoio financeiro.<\/p>\n<p><a href=\"http:\/\/www.sudoestehoje.com.br\/novoportal\/wp-content\/uploads\/2018\/08\/COMPRA.jpg\"><img loading=\"lazy\" decoding=\"async\" class=\"aligncenter size-medium wp-image-74609\" src=\"http:\/\/www.sudoestehoje.com.br\/novoportal\/wp-content\/uploads\/2018\/08\/COMPRA-500x358.jpg\" alt=\"\" width=\"500\" height=\"358\" srcset=\"https:\/\/www.sudoestehoje.com.br\/novoportal\/wp-content\/uploads\/2018\/08\/COMPRA-500x358.jpg 500w, https:\/\/www.sudoestehoje.com.br\/novoportal\/wp-content\/uploads\/2018\/08\/COMPRA.jpg 627w\" sizes=\"auto, (max-width: 500px) 100vw, 500px\" \/><\/a><\/p>\n<p>Na C\u00e2mara de vereadores, a aquisi\u00e7\u00e3o foi bastante criticada pela Vereadora Maria Jos\u00e9 e defendida pelo vereador Carlos Andrade. Na ocasi\u00e3o, Andrade ressaltou que deveria ser um ve\u00edculo modelo picape para visitar a zona rural. \/\/<em>Itamb\u00e9 Agora<\/em><\/p>\n","protected":false},"excerpt":{"rendered":"<p>A aquisi\u00e7\u00e3o de uma carro de luxo para a prefeitura de Itamb\u00e9, autorizada pelo prefeito Eduardo Gama, est\u00e1 causando grande pol\u00eamica na cidade e redes sociais. De acordo com informa\u00e7\u00f5es do Itamb\u00e9 Agora, o carro modelo Toyota Corolla, ano 2019, licitado no valor de R$ 105.900,00 seria para servir ao gabinete do prefeito. No processo [&hellip;]<\/p>\n","protected":false},"author":2,"featured_media":74608,"comment_status":"open","ping_status":"open","sticky":false,"template":"","format":"standard","meta":{"footnotes":"","_links_to":"","_links_to_target":""},"categories":[1],"tags":[],"class_list":["post-74606","post","type-post","status-publish","format-standard","has-post-thumbnail","hentry","category-geral"],"views":1433,"_links":{"self":[{"href":"https:\/\/www.sudoestehoje.com.br\/novoportal\/wp-json\/wp\/v2\/posts\/74606","targetHints":{"allow":["GET"]}}],"collection":[{"href":"https:\/\/www.sudoestehoje.com.br\/novoportal\/wp-json\/wp\/v2\/posts"}],"about":[{"href":"https:\/\/www.sudoestehoje.com.br\/novoportal\/wp-json\/wp\/v2\/types\/post"}],"author":[{"embeddable":true,"href":"https:\/\/www.sudoestehoje.com.br\/novoportal\/wp-json\/wp\/v2\/users\/2"}],"replies":[{"embeddable":true,"href":"https:\/\/www.sudoestehoje.com.br\/novoportal\/wp-json\/wp\/v2\/comments?post=74606"}],"version-history":[{"count":2,"href":"https:\/\/www.sudoestehoje.com.br\/novoportal\/wp-json\/wp\/v2\/posts\/74606\/revisions"}],"predecessor-version":[{"id":74610,"href":"https:\/\/www.sudoestehoje.com.br\/novoportal\/wp-json\/wp\/v2\/posts\/74606\/revisions\/74610"}],"wp:featuredmedia":[{"embeddable":true,"href":"https:\/\/www.sudoestehoje.com.br\/novoportal\/wp-json\/wp\/v2\/media\/74608"}],"wp:attachment":[{"href":"https:\/\/www.sudoestehoje.com.br\/novoportal\/wp-json\/wp\/v2\/media?parent=74606"}],"wp:term":[{"taxonomy":"category","embeddable":true,"href":"https:\/\/www.sudoestehoje.com.br\/novoportal\/wp-json\/wp\/v2\/categories?post=74606"},{"taxonomy":"post_tag","embeddable":true,"href":"https:\/\/www.sudoestehoje.com.br\/novoportal\/wp-json\/wp\/v2\/tags?post=74606"}],"curies":[{"name":"wp","href":"https:\/\/api.w.org\/{rel}","templated":true}]}}