
{"id":746,"date":"2010-10-01T10:53:51","date_gmt":"2010-10-01T13:53:51","guid":{"rendered":"http:\/\/sudoestehoje.tempsite.ws\/novoportal\/?p=746"},"modified":"2010-10-01T10:53:51","modified_gmt":"2010-10-01T13:53:51","slug":"eleicoes-urgente-tse-so-divulgara-votos-dos-candidatos-com-registro-definitivo","status":"publish","type":"post","link":"https:\/\/www.sudoestehoje.com.br\/novoportal\/2010\/10\/01\/eleicoes-urgente-tse-so-divulgara-votos-dos-candidatos-com-registro-definitivo\/","title":{"rendered":"Elei\u00e7\u00f5es Urgente: TSE s\u00f3 divulgar\u00e1 votos dos candidatos com registro definitivo"},"content":{"rendered":"<p style=\"text-align: center;\"><img decoding=\"async\" src=\"http:\/\/3.bp.blogspot.com\/_y4fmrJtyigs\/TDPCIDrJ_rI\/AAAAAAAAEM0\/xSbw-E-lh6s\/s1600\/ficha_suja1.png\" alt=\"\" \/><\/p>\n<p style=\"text-align: center;\"><strong>Vota\u00e7\u00e3o dos &#8216;fichas sujas&#8217; vai aparecer &#8216;zerada&#8217;<\/strong><\/p>\n<p>O sistema de apura\u00e7\u00e3o do Tribunal Superior Eleitoral (TSE) n\u00e3o vai divulgar, no dia da elei\u00e7\u00e3o, os votos dados a candidatos que estejam com seus <strong>registros de candidaturas pendentes<\/strong> em fun\u00e7\u00e3o da Lei da Ficha Limpa. Esses votos, conforme est\u00e1 previsto na Lei Eleitoral, ser\u00e3o computados, mas s\u00f3 ser\u00e3o tornados p\u00fablicos quando houver uma decis\u00e3o final da Justi\u00e7a sobre o registro eleitoral do candidato. Se o registro de um candidato for indeferido, ao final, a Justi\u00e7a Eleitoral decidir\u00e1 se os votos dados a ele ser\u00e3o considerados nulos ou transferidos \u00e0 legenda. \u2014 Nossas m\u00e1quinas est\u00e3o programadas para que, no caso dos candidatos que n\u00e3o obtiverem registro at\u00e9 o momento da elei\u00e7\u00e3o, apare\u00e7a simplesmente um zero. Esses votos ir\u00e3o para um arquivo separado e, futuramente, o tribunal decidir\u00e1 como vai computar esses votos \u2014 disse o presidente do TSE, Ricardo Lewandowski. Mesmo n\u00e3o constando do sistema oficial de apura\u00e7\u00e3o de votos, a vota\u00e7\u00e3o de um candidato com registro pendente dever\u00e1 ser informado pelo TSE \u00e0 imprensa. Os votos s\u00f3 ser\u00e3o considerados nulos se os chamados tiverem o registro negado definitivamente. (O Globo)\u00a0.<\/p>\n<p>COMENT\u00c1RIO DO SITE: A decis\u00e3o do TSE parece clara, mas suscita d\u00favidas quanto \u00e0 sua aplica\u00e7\u00e3o sobre os candidatos cujos registros foram aprovados pelo TRE, mas que houve recurso da Procuradoria Eleitoral, impugnando-os no TSE. Assim estariam &#8216;pendentes&#8217; os registros dos candidatos Geraldo Sim\u00f5es (PT) e Virginia Hagge (PMDB), e seus votos n\u00e3o seriam divulgados, at\u00e9 o julgamento definitivo pelo TSE.\u00a0\u00a0Domingo, saberemos&#8230;<\/p>\n","protected":false},"excerpt":{"rendered":"<p>Vota\u00e7\u00e3o dos &#8216;fichas sujas&#8217; vai aparecer &#8216;zerada&#8217; O sistema de apura\u00e7\u00e3o do Tribunal Superior Eleitoral (TSE) n\u00e3o vai divulgar, no dia da elei\u00e7\u00e3o, os votos dados a candidatos que estejam com seus registros de candidaturas pendentes em fun\u00e7\u00e3o da Lei da Ficha Limpa. Esses votos, conforme est\u00e1 previsto na Lei Eleitoral, ser\u00e3o computados, mas s\u00f3 [&hellip;]<\/p>\n","protected":false},"author":2,"featured_media":0,"comment_status":"open","ping_status":"open","sticky":false,"template":"","format":"standard","meta":{"footnotes":"","_links_to":"","_links_to_target":""},"categories":[1],"tags":[],"class_list":["post-746","post","type-post","status-publish","format-standard","hentry","category-geral"],"views":1336,"_links":{"self":[{"href":"https:\/\/www.sudoestehoje.com.br\/novoportal\/wp-json\/wp\/v2\/posts\/746","targetHints":{"allow":["GET"]}}],"collection":[{"href":"https:\/\/www.sudoestehoje.com.br\/novoportal\/wp-json\/wp\/v2\/posts"}],"about":[{"href":"https:\/\/www.sudoestehoje.com.br\/novoportal\/wp-json\/wp\/v2\/types\/post"}],"author":[{"embeddable":true,"href":"https:\/\/www.sudoestehoje.com.br\/novoportal\/wp-json\/wp\/v2\/users\/2"}],"replies":[{"embeddable":true,"href":"https:\/\/www.sudoestehoje.com.br\/novoportal\/wp-json\/wp\/v2\/comments?post=746"}],"version-history":[{"count":1,"href":"https:\/\/www.sudoestehoje.com.br\/novoportal\/wp-json\/wp\/v2\/posts\/746\/revisions"}],"predecessor-version":[{"id":747,"href":"https:\/\/www.sudoestehoje.com.br\/novoportal\/wp-json\/wp\/v2\/posts\/746\/revisions\/747"}],"wp:attachment":[{"href":"https:\/\/www.sudoestehoje.com.br\/novoportal\/wp-json\/wp\/v2\/media?parent=746"}],"wp:term":[{"taxonomy":"category","embeddable":true,"href":"https:\/\/www.sudoestehoje.com.br\/novoportal\/wp-json\/wp\/v2\/categories?post=746"},{"taxonomy":"post_tag","embeddable":true,"href":"https:\/\/www.sudoestehoje.com.br\/novoportal\/wp-json\/wp\/v2\/tags?post=746"}],"curies":[{"name":"wp","href":"https:\/\/api.w.org\/{rel}","templated":true}]}}