
{"id":74595,"date":"2018-08-23T23:30:58","date_gmt":"2018-08-24T02:30:58","guid":{"rendered":"http:\/\/www.sudoestehoje.com.br\/novoportal\/?p=74595"},"modified":"2018-08-23T23:36:09","modified_gmt":"2018-08-24T02:36:09","slug":"retrocesso-minoria-de-oposicao-derruba-projeto-zona-azul-que-criaria-dezenas-empregos-em-itapetinga","status":"publish","type":"post","link":"https:\/\/www.sudoestehoje.com.br\/novoportal\/2018\/08\/23\/retrocesso-minoria-de-oposicao-derruba-projeto-zona-azul-que-criaria-dezenas-empregos-em-itapetinga\/","title":{"rendered":"RETROCESSO: MINORIA DE OPOSI\u00c7\u00c3O DERRUBA PROJETO &#8216;ZONA AZUL&#8217; QUE CRIARIA DEZENAS EMPREGOS EM ITAPETINGA"},"content":{"rendered":"<p><a href=\"http:\/\/www.sudoestehoje.com.br\/novoportal\/wp-content\/uploads\/2018\/08\/VEREADORES-OPOSI\u00c7\u00c3O.jpg\"><img loading=\"lazy\" decoding=\"async\" class=\"aligncenter size-medium wp-image-74596\" src=\"http:\/\/www.sudoestehoje.com.br\/novoportal\/wp-content\/uploads\/2018\/08\/VEREADORES-OPOSI\u00c7\u00c3O-500x214.jpg\" alt=\"\" width=\"500\" height=\"214\" srcset=\"https:\/\/www.sudoestehoje.com.br\/novoportal\/wp-content\/uploads\/2018\/08\/VEREADORES-OPOSI\u00c7\u00c3O-500x214.jpg 500w, https:\/\/www.sudoestehoje.com.br\/novoportal\/wp-content\/uploads\/2018\/08\/VEREADORES-OPOSI\u00c7\u00c3O.jpg 700w\" sizes=\"auto, (max-width: 500px) 100vw, 500px\" \/><\/a><\/p>\n<p>Na noite desta quinta-feira (23, a C\u00e2mara de Vereadores\u00a0 de Itapetinga apreciou o Projeto de Lei n\u00ba 006\/2018, de autoria do Poder Executivo, que pretendia criar o sistema de estacionamento rotativo Zona Azul, no centro comercial da cidade, uma antiga reivindica\u00e7\u00e3o de setores do com\u00e9rcio e da pr\u00f3pria popula\u00e7\u00e3o, que tramitava no legislativo h\u00e1 cerca de 70 dias, sendo exaustivamente debatido pelos vereadores e comiss\u00f5es.<\/p>\n<p>Tudo parecia correr bem, at\u00e9 que uma manobra do vereador Romildo Teixeira induziu os demais vereadores de oposi\u00e7\u00e3o a reprovarem o projeto, apesar de serem minoria na casa, por conta da necessidade do qu\u00f3rum qualificado de 2\/3 (dois ter\u00e7os), por versar sobre concess\u00e3o de servi\u00e7o p\u00fablico.<\/p>\n<p><strong>DERRUBADO PELA MINORIA<\/strong><\/p>\n<p>Necessitando de 10 votos favor\u00e1veis para ser aprovado, o projeto acabou sendo derrubado por apenas quatro vereadores, contra oito votos da situa\u00e7\u00e3o, sem qualquer explica\u00e7\u00e3o plaus\u00edvel.<\/p>\n<p>Votaram contra a Zona Azul os vereadores ROMILDO TEIXEIRA, GILMAR PIRITIBA, VALDEIR CHAGAS e MARCIO PIO.<\/p>\n<p>Votaram a favor do projeto os vereadores NAARA DUARTE, JO\u00c3O DE DEUS, ANDERSON DA NOVA, FABIANO BAHIA,\u00a0 SARGENTO ALBERTO, JOS\u00c9 ANTUNES, NAILTON NEGREIRO e JAIR SALOES.<\/p>\n<p><strong>GERA\u00c7\u00c3O DE EMPREGOS<\/strong><\/p>\n<p>Com a recusa minorit\u00e1ria \u00e0 aprova\u00e7\u00e3o do projeto da Zona Azul, a cidade perde a oportunidade de organizar o congestionado centro comercial e a gera\u00e7\u00e3o de dezenas de empregos formais diretos neste momento de crise. Um retrocesso imperdo\u00e1vel.<\/p>\n<p>Os vereadores Diego Rodrigues e Valquir\u00e3o n\u00e3o compareceram \u00e0 sess\u00e3o.<\/p>\n<p><em><strong>Por Davi Ferraz<\/strong><\/em><\/p>\n","protected":false},"excerpt":{"rendered":"<p>Na noite desta quinta-feira (23, a C\u00e2mara de Vereadores\u00a0 de Itapetinga apreciou o Projeto de Lei n\u00ba 006\/2018, de autoria do Poder Executivo, que pretendia criar o sistema de estacionamento rotativo Zona Azul, no centro comercial da cidade, uma antiga reivindica\u00e7\u00e3o de setores do com\u00e9rcio e da pr\u00f3pria popula\u00e7\u00e3o, que tramitava no legislativo h\u00e1 cerca [&hellip;]<\/p>\n","protected":false},"author":2,"featured_media":74596,"comment_status":"open","ping_status":"open","sticky":false,"template":"","format":"standard","meta":{"footnotes":"","_links_to":"","_links_to_target":""},"categories":[1],"tags":[],"class_list":["post-74595","post","type-post","status-publish","format-standard","has-post-thumbnail","hentry","category-geral"],"views":2597,"_links":{"self":[{"href":"https:\/\/www.sudoestehoje.com.br\/novoportal\/wp-json\/wp\/v2\/posts\/74595","targetHints":{"allow":["GET"]}}],"collection":[{"href":"https:\/\/www.sudoestehoje.com.br\/novoportal\/wp-json\/wp\/v2\/posts"}],"about":[{"href":"https:\/\/www.sudoestehoje.com.br\/novoportal\/wp-json\/wp\/v2\/types\/post"}],"author":[{"embeddable":true,"href":"https:\/\/www.sudoestehoje.com.br\/novoportal\/wp-json\/wp\/v2\/users\/2"}],"replies":[{"embeddable":true,"href":"https:\/\/www.sudoestehoje.com.br\/novoportal\/wp-json\/wp\/v2\/comments?post=74595"}],"version-history":[{"count":9,"href":"https:\/\/www.sudoestehoje.com.br\/novoportal\/wp-json\/wp\/v2\/posts\/74595\/revisions"}],"predecessor-version":[{"id":74605,"href":"https:\/\/www.sudoestehoje.com.br\/novoportal\/wp-json\/wp\/v2\/posts\/74595\/revisions\/74605"}],"wp:featuredmedia":[{"embeddable":true,"href":"https:\/\/www.sudoestehoje.com.br\/novoportal\/wp-json\/wp\/v2\/media\/74596"}],"wp:attachment":[{"href":"https:\/\/www.sudoestehoje.com.br\/novoportal\/wp-json\/wp\/v2\/media?parent=74595"}],"wp:term":[{"taxonomy":"category","embeddable":true,"href":"https:\/\/www.sudoestehoje.com.br\/novoportal\/wp-json\/wp\/v2\/categories?post=74595"},{"taxonomy":"post_tag","embeddable":true,"href":"https:\/\/www.sudoestehoje.com.br\/novoportal\/wp-json\/wp\/v2\/tags?post=74595"}],"curies":[{"name":"wp","href":"https:\/\/api.w.org\/{rel}","templated":true}]}}