
{"id":74587,"date":"2018-08-23T17:36:28","date_gmt":"2018-08-23T20:36:28","guid":{"rendered":"http:\/\/www.sudoestehoje.com.br\/novoportal\/?p=74587"},"modified":"2018-08-23T17:36:28","modified_gmt":"2018-08-23T20:36:28","slug":"inss-vai-recorrer-de-acrescimo-de-25-para-aposentados-que-precisam-de-cuidadores","status":"publish","type":"post","link":"https:\/\/www.sudoestehoje.com.br\/novoportal\/2018\/08\/23\/inss-vai-recorrer-de-acrescimo-de-25-para-aposentados-que-precisam-de-cuidadores\/","title":{"rendered":"INSS VAI RECORRER DE ACR\u00c9SCIMO DE 25% PARA APOSENTADOS QUE PRECISAM DE CUIDADORES"},"content":{"rendered":"<p><a href=\"http:\/\/www.sudoestehoje.com.br\/novoportal\/wp-content\/uploads\/2018\/08\/inss-1000x530.jpg\"><img loading=\"lazy\" decoding=\"async\" class=\"aligncenter size-medium wp-image-74588\" src=\"http:\/\/www.sudoestehoje.com.br\/novoportal\/wp-content\/uploads\/2018\/08\/inss-1000x530-500x265.jpg\" alt=\"\" width=\"500\" height=\"265\" srcset=\"https:\/\/www.sudoestehoje.com.br\/novoportal\/wp-content\/uploads\/2018\/08\/inss-1000x530-500x265.jpg 500w, https:\/\/www.sudoestehoje.com.br\/novoportal\/wp-content\/uploads\/2018\/08\/inss-1000x530-768x407.jpg 768w, https:\/\/www.sudoestehoje.com.br\/novoportal\/wp-content\/uploads\/2018\/08\/inss-1000x530-700x371.jpg 700w, https:\/\/www.sudoestehoje.com.br\/novoportal\/wp-content\/uploads\/2018\/08\/inss-1000x530.jpg 1000w\" sizes=\"auto, (max-width: 500px) 100vw, 500px\" \/><\/a><\/p>\n<p>Instituto Nacional do Seguro Social (INSS) vai recorrer da decis\u00e3o do Superior Tribunal de Justi\u00e7a (STJ) de conceder acr\u00e9scimo de 25% no benef\u00edcio mensal pago pela Previd\u00eancia Social a todos os aposentados que precisam de aux\u00edlio permanente de terceiros. O \u00f3rg\u00e3o informou que aguarda a publica\u00e7\u00e3o da decis\u00e3o para an\u00e1lise do julgamento e, principalmente, para interposi\u00e7\u00e3o dos recursos cab\u00edveis.<\/p>\n<p>A decis\u00e3o foi tomada ontem (22) por 5 votos a 4 pela Primeira Se\u00e7\u00e3o da Corte. Antes da decis\u00e3o, o acr\u00e9scimo era garantido somente para aposentados por invalidez que precisavam pagar um cuidador, conforme est\u00e1 previsto na Lei de Benef\u00edcios Previdenci\u00e1rios, norma que espec\u00edfica os benef\u00edcios aos quais os segurados t\u00eam direito.<\/p>\n<p>Conforme o entendimento do STJ, o adicional ser\u00e1 pago mesmo nos casos em que o aposentado recebe o teto do Instituto Nacional do Seguro Social (INSS), definido em R$ 5.645,80 para 2018.<\/p>\n<p>A decis\u00e3o da Primeira Se\u00e7\u00e3o deve servir de base para outros processos que est\u00e3o em tramita\u00e7\u00e3o na Justi\u00e7a Federal em todo o pa\u00eds.<\/p>\n","protected":false},"excerpt":{"rendered":"<p>Instituto Nacional do Seguro Social (INSS) vai recorrer da decis\u00e3o do Superior Tribunal de Justi\u00e7a (STJ) de conceder acr\u00e9scimo de 25% no benef\u00edcio mensal pago pela Previd\u00eancia Social a todos os aposentados que precisam de aux\u00edlio permanente de terceiros. O \u00f3rg\u00e3o informou que aguarda a publica\u00e7\u00e3o da decis\u00e3o para an\u00e1lise do julgamento e, principalmente, para [&hellip;]<\/p>\n","protected":false},"author":2,"featured_media":74588,"comment_status":"open","ping_status":"open","sticky":false,"template":"","format":"standard","meta":{"footnotes":"","_links_to":"","_links_to_target":""},"categories":[1],"tags":[],"class_list":["post-74587","post","type-post","status-publish","format-standard","has-post-thumbnail","hentry","category-geral"],"views":1081,"_links":{"self":[{"href":"https:\/\/www.sudoestehoje.com.br\/novoportal\/wp-json\/wp\/v2\/posts\/74587","targetHints":{"allow":["GET"]}}],"collection":[{"href":"https:\/\/www.sudoestehoje.com.br\/novoportal\/wp-json\/wp\/v2\/posts"}],"about":[{"href":"https:\/\/www.sudoestehoje.com.br\/novoportal\/wp-json\/wp\/v2\/types\/post"}],"author":[{"embeddable":true,"href":"https:\/\/www.sudoestehoje.com.br\/novoportal\/wp-json\/wp\/v2\/users\/2"}],"replies":[{"embeddable":true,"href":"https:\/\/www.sudoestehoje.com.br\/novoportal\/wp-json\/wp\/v2\/comments?post=74587"}],"version-history":[{"count":1,"href":"https:\/\/www.sudoestehoje.com.br\/novoportal\/wp-json\/wp\/v2\/posts\/74587\/revisions"}],"predecessor-version":[{"id":74589,"href":"https:\/\/www.sudoestehoje.com.br\/novoportal\/wp-json\/wp\/v2\/posts\/74587\/revisions\/74589"}],"wp:featuredmedia":[{"embeddable":true,"href":"https:\/\/www.sudoestehoje.com.br\/novoportal\/wp-json\/wp\/v2\/media\/74588"}],"wp:attachment":[{"href":"https:\/\/www.sudoestehoje.com.br\/novoportal\/wp-json\/wp\/v2\/media?parent=74587"}],"wp:term":[{"taxonomy":"category","embeddable":true,"href":"https:\/\/www.sudoestehoje.com.br\/novoportal\/wp-json\/wp\/v2\/categories?post=74587"},{"taxonomy":"post_tag","embeddable":true,"href":"https:\/\/www.sudoestehoje.com.br\/novoportal\/wp-json\/wp\/v2\/tags?post=74587"}],"curies":[{"name":"wp","href":"https:\/\/api.w.org\/{rel}","templated":true}]}}