
{"id":74553,"date":"2018-08-22T22:46:15","date_gmt":"2018-08-23T01:46:15","guid":{"rendered":"http:\/\/www.sudoestehoje.com.br\/novoportal\/?p=74553"},"modified":"2018-08-22T22:46:15","modified_gmt":"2018-08-23T01:46:15","slug":"itapetinga-romildo-lanca-candidatura-a-presidencia-da-camara-prometendo-mais-cargos-a-vereadores","status":"publish","type":"post","link":"https:\/\/www.sudoestehoje.com.br\/novoportal\/2018\/08\/22\/itapetinga-romildo-lanca-candidatura-a-presidencia-da-camara-prometendo-mais-cargos-a-vereadores\/","title":{"rendered":"ITAPETINGA: ROMILDO LAN\u00c7A CANDIDATURA \u00c0 PRESID\u00caNCIA DA C\u00c2MARA PROMETENDO MAIS CARGOS A VEREADORES"},"content":{"rendered":"<p><a href=\"http:\/\/www.sudoestehoje.com.br\/novoportal\/wp-content\/uploads\/2018\/08\/romildo-tribuna.jpg\"><img loading=\"lazy\" decoding=\"async\" class=\"aligncenter size-medium wp-image-74555\" src=\"http:\/\/www.sudoestehoje.com.br\/novoportal\/wp-content\/uploads\/2018\/08\/romildo-tribuna-500x281.jpg\" alt=\"\" width=\"500\" height=\"281\" srcset=\"https:\/\/www.sudoestehoje.com.br\/novoportal\/wp-content\/uploads\/2018\/08\/romildo-tribuna-500x281.jpg 500w, https:\/\/www.sudoestehoje.com.br\/novoportal\/wp-content\/uploads\/2018\/08\/romildo-tribuna-768x432.jpg 768w, https:\/\/www.sudoestehoje.com.br\/novoportal\/wp-content\/uploads\/2018\/08\/romildo-tribuna-700x394.jpg 700w, https:\/\/www.sudoestehoje.com.br\/novoportal\/wp-content\/uploads\/2018\/08\/romildo-tribuna.jpg 960w\" sizes=\"auto, (max-width: 500px) 100vw, 500px\" \/><\/a><\/p>\n<p>Na sess\u00e3o legislativa desta quarta-feira (22), o vereador Romildo Teixeira (PSL) surpreendeu a todos, lan\u00e7ando sua candidatura <em>&#8216;solo&#8217;<\/em> \u00e0 presid\u00eancia da C\u00e2mara Municipal de Itapetinga, em discurso inflamado na tribuna.<\/p>\n<p>Com uma folha de papel na m\u00e3o, o pol\u00eamico vereador leu um &#8216;catatau&#8217; de promessas e provid\u00eancias que pretende adotar caso seja eleito, dentre elas a nomea\u00e7\u00e3o de um Chefe de Gabinete para cada membro da Mesa Diretora, numa tentativa tosca de atrair adeptos para sua improv\u00e1vel elei\u00e7\u00e3o.<\/p>\n<p>A nomea\u00e7\u00e3o de mais assessores para vereadores \u00e9 desnecess\u00e1ria e impratic\u00e1vel, vez que cada um deles j\u00e1 conta com dois assessores parlamentares e os gastos de pessoal da C\u00e2mara est\u00e3o exatamente nos limites da Lei de Responsabilidade Fiscal e n\u00e3o podem extrapolar.<\/p>\n<p>Outro absurdo anunciado pelo vereador Romildo foi a promessa de colocar<em> outdoors<\/em> no centro da cidade, mostrando os gastos da c\u00e2mara e os vencimentos dos vereadores, provid\u00eancia desnecess\u00e1ria, j\u00e1 que essas informa\u00e7\u00f5es podem ser facilmente acessados nos sites Transpar\u00eancia da pr\u00f3pria c\u00e2mara e do TCM, por qualquer cidad\u00e3o.<\/p>\n<p>Romildo tamb\u00e9m demonstrou insatisfa\u00e7\u00e3o com a publica\u00e7\u00e3o de um blog que taxou de &#8220;sujos&#8221; alguns vereadores que pleiteiam a presid\u00eancia da c\u00e2mara, sem citar nomes.<\/p>\n<p>Levou a carapu\u00e7a \u00e0 toa&#8230;<\/p>\n<p><em><strong>Por Davi Ferraz<\/strong><\/em><\/p>\n","protected":false},"excerpt":{"rendered":"<p>Na sess\u00e3o legislativa desta quarta-feira (22), o vereador Romildo Teixeira (PSL) surpreendeu a todos, lan\u00e7ando sua candidatura &#8216;solo&#8217; \u00e0 presid\u00eancia da C\u00e2mara Municipal de Itapetinga, em discurso inflamado na tribuna. Com uma folha de papel na m\u00e3o, o pol\u00eamico vereador leu um &#8216;catatau&#8217; de promessas e provid\u00eancias que pretende adotar caso seja eleito, dentre elas [&hellip;]<\/p>\n","protected":false},"author":2,"featured_media":74555,"comment_status":"open","ping_status":"open","sticky":false,"template":"","format":"standard","meta":{"footnotes":"","_links_to":"","_links_to_target":""},"categories":[1],"tags":[],"class_list":["post-74553","post","type-post","status-publish","format-standard","has-post-thumbnail","hentry","category-geral"],"views":1433,"_links":{"self":[{"href":"https:\/\/www.sudoestehoje.com.br\/novoportal\/wp-json\/wp\/v2\/posts\/74553","targetHints":{"allow":["GET"]}}],"collection":[{"href":"https:\/\/www.sudoestehoje.com.br\/novoportal\/wp-json\/wp\/v2\/posts"}],"about":[{"href":"https:\/\/www.sudoestehoje.com.br\/novoportal\/wp-json\/wp\/v2\/types\/post"}],"author":[{"embeddable":true,"href":"https:\/\/www.sudoestehoje.com.br\/novoportal\/wp-json\/wp\/v2\/users\/2"}],"replies":[{"embeddable":true,"href":"https:\/\/www.sudoestehoje.com.br\/novoportal\/wp-json\/wp\/v2\/comments?post=74553"}],"version-history":[{"count":5,"href":"https:\/\/www.sudoestehoje.com.br\/novoportal\/wp-json\/wp\/v2\/posts\/74553\/revisions"}],"predecessor-version":[{"id":74559,"href":"https:\/\/www.sudoestehoje.com.br\/novoportal\/wp-json\/wp\/v2\/posts\/74553\/revisions\/74559"}],"wp:featuredmedia":[{"embeddable":true,"href":"https:\/\/www.sudoestehoje.com.br\/novoportal\/wp-json\/wp\/v2\/media\/74555"}],"wp:attachment":[{"href":"https:\/\/www.sudoestehoje.com.br\/novoportal\/wp-json\/wp\/v2\/media?parent=74553"}],"wp:term":[{"taxonomy":"category","embeddable":true,"href":"https:\/\/www.sudoestehoje.com.br\/novoportal\/wp-json\/wp\/v2\/categories?post=74553"},{"taxonomy":"post_tag","embeddable":true,"href":"https:\/\/www.sudoestehoje.com.br\/novoportal\/wp-json\/wp\/v2\/tags?post=74553"}],"curies":[{"name":"wp","href":"https:\/\/api.w.org\/{rel}","templated":true}]}}