
{"id":74540,"date":"2018-08-22T13:39:17","date_gmt":"2018-08-22T16:39:17","guid":{"rendered":"http:\/\/www.sudoestehoje.com.br\/novoportal\/?p=74540"},"modified":"2018-08-22T13:39:17","modified_gmt":"2018-08-22T16:39:17","slug":"rui-costa-lidera-corrida-com-51-das-intencoes-de-votos-diz-pesquisa","status":"publish","type":"post","link":"https:\/\/www.sudoestehoje.com.br\/novoportal\/2018\/08\/22\/rui-costa-lidera-corrida-com-51-das-intencoes-de-votos-diz-pesquisa\/","title":{"rendered":"RUI COSTA LIDERA CORRIDA COM 51% DAS INTEN\u00c7\u00d5ES DE VOTOS, DIZ PESQUISA"},"content":{"rendered":"<p><a href=\"http:\/\/www.sudoestehoje.com.br\/novoportal\/wp-content\/uploads\/2018\/08\/rui-lidera-em-todos-os-cenarios-e-venceria-eleicoes-no-1\u00ba-turno-aponta-pesquisa.jpg\"><img loading=\"lazy\" decoding=\"async\" class=\"aligncenter size-medium wp-image-74541\" src=\"http:\/\/www.sudoestehoje.com.br\/novoportal\/wp-content\/uploads\/2018\/08\/rui-lidera-em-todos-os-cenarios-e-venceria-eleicoes-no-1\u00ba-turno-aponta-pesquisa-500x320.jpg\" alt=\"\" width=\"500\" height=\"320\" srcset=\"https:\/\/www.sudoestehoje.com.br\/novoportal\/wp-content\/uploads\/2018\/08\/rui-lidera-em-todos-os-cenarios-e-venceria-eleicoes-no-1\u00ba-turno-aponta-pesquisa-500x320.jpg 500w, https:\/\/www.sudoestehoje.com.br\/novoportal\/wp-content\/uploads\/2018\/08\/rui-lidera-em-todos-os-cenarios-e-venceria-eleicoes-no-1\u00ba-turno-aponta-pesquisa.jpg 640w\" sizes=\"auto, (max-width: 500px) 100vw, 500px\" \/><\/a><\/p>\n<p>Uma pesquisa divulgada pela RecordTV Itapoan na manh\u00e3 desta quarta-feira (22) mostra o governador Rui Costa (PT), candidato \u00e0 reelei\u00e7\u00e3o, liderando a corrida pelo Pal\u00e1cio de Ondina.<\/p>\n<p>O estudo feito pela Real Time Big Data traz o petista liderando o cen\u00e1rio estimulado com 51%. Z\u00e9 Ronaldo, candidato do DEM, aparece em segundo lugar com 18%.<\/p>\n<p>Ainda na pesquisa estimulada, Jo\u00e3o Henrique (PRTB) \u00e9 o candidato que aparece em terceiro com 1%. Os candidatos Marcos Mendes (Psol), Orlando Andrade (PCO) e C\u00e9lia Sacramento (Rede) t\u00eam, juntos, 2%.<\/p>\n<p>No cen\u00e1rio da pesquisa espont\u00e2nea, Rui Costa tem 34%. Z\u00e9 Ronaldo, por sua vez, tem 10%. Os demais candidatos somam 1%, indecisos s\u00e3o\u00a044% e os que v\u00e3o votar nulo ou em branco representam 11%.<\/p>\n<p>Na avalia\u00e7\u00e3o feita pelo instituto para o segundo turno, Rui Costa venceria Z\u00e9 Ronaldo com 55% das inten\u00e7\u00f5es de votos. O democrata aparece com 25% neste cen\u00e1rio.<\/p>\n<p>A pesquisa foi registrada na Justi\u00e7a Eleitoral sob n\u00famero de identifica\u00e7\u00e3o\u00a0BA-05201\/2018, foi contratada e realizada pelo instituto Real Time Big Data. O levantamento ouviu\u00a01.200 eleitores entre os dias 16 e 17 deste m\u00eas de agosto, tem n\u00edvel de confian\u00e7a de\u00a095% e\u00a0margem de erro de\u00a0at\u00e9 3% para mais ou para menos.<\/p>\n","protected":false},"excerpt":{"rendered":"<p>Uma pesquisa divulgada pela RecordTV Itapoan na manh\u00e3 desta quarta-feira (22) mostra o governador Rui Costa (PT), candidato \u00e0 reelei\u00e7\u00e3o, liderando a corrida pelo Pal\u00e1cio de Ondina. O estudo feito pela Real Time Big Data traz o petista liderando o cen\u00e1rio estimulado com 51%. Z\u00e9 Ronaldo, candidato do DEM, aparece em segundo lugar com 18%. [&hellip;]<\/p>\n","protected":false},"author":2,"featured_media":74541,"comment_status":"open","ping_status":"open","sticky":false,"template":"","format":"standard","meta":{"footnotes":"","_links_to":"","_links_to_target":""},"categories":[1],"tags":[],"class_list":["post-74540","post","type-post","status-publish","format-standard","has-post-thumbnail","hentry","category-geral"],"views":1113,"_links":{"self":[{"href":"https:\/\/www.sudoestehoje.com.br\/novoportal\/wp-json\/wp\/v2\/posts\/74540","targetHints":{"allow":["GET"]}}],"collection":[{"href":"https:\/\/www.sudoestehoje.com.br\/novoportal\/wp-json\/wp\/v2\/posts"}],"about":[{"href":"https:\/\/www.sudoestehoje.com.br\/novoportal\/wp-json\/wp\/v2\/types\/post"}],"author":[{"embeddable":true,"href":"https:\/\/www.sudoestehoje.com.br\/novoportal\/wp-json\/wp\/v2\/users\/2"}],"replies":[{"embeddable":true,"href":"https:\/\/www.sudoestehoje.com.br\/novoportal\/wp-json\/wp\/v2\/comments?post=74540"}],"version-history":[{"count":1,"href":"https:\/\/www.sudoestehoje.com.br\/novoportal\/wp-json\/wp\/v2\/posts\/74540\/revisions"}],"predecessor-version":[{"id":74542,"href":"https:\/\/www.sudoestehoje.com.br\/novoportal\/wp-json\/wp\/v2\/posts\/74540\/revisions\/74542"}],"wp:featuredmedia":[{"embeddable":true,"href":"https:\/\/www.sudoestehoje.com.br\/novoportal\/wp-json\/wp\/v2\/media\/74541"}],"wp:attachment":[{"href":"https:\/\/www.sudoestehoje.com.br\/novoportal\/wp-json\/wp\/v2\/media?parent=74540"}],"wp:term":[{"taxonomy":"category","embeddable":true,"href":"https:\/\/www.sudoestehoje.com.br\/novoportal\/wp-json\/wp\/v2\/categories?post=74540"},{"taxonomy":"post_tag","embeddable":true,"href":"https:\/\/www.sudoestehoje.com.br\/novoportal\/wp-json\/wp\/v2\/tags?post=74540"}],"curies":[{"name":"wp","href":"https:\/\/api.w.org\/{rel}","templated":true}]}}