
{"id":74523,"date":"2018-08-22T00:07:57","date_gmt":"2018-08-22T03:07:57","guid":{"rendered":"http:\/\/www.sudoestehoje.com.br\/novoportal\/?p=74523"},"modified":"2018-08-22T00:07:57","modified_gmt":"2018-08-22T03:07:57","slug":"coca-cola-nega-planos-de-deixar-o-brasil","status":"publish","type":"post","link":"https:\/\/www.sudoestehoje.com.br\/novoportal\/2018\/08\/22\/coca-cola-nega-planos-de-deixar-o-brasil\/","title":{"rendered":"COCA-COLA NEGA PLANOS DE DEIXAR O BRASIL"},"content":{"rendered":"<p><a href=\"http:\/\/www.sudoestehoje.com.br\/novoportal\/wp-content\/uploads\/2018\/08\/coca-cola-produto-mais-vendido-mundo.jpg\"><img loading=\"lazy\" decoding=\"async\" class=\"aligncenter size-medium wp-image-74524\" src=\"http:\/\/www.sudoestehoje.com.br\/novoportal\/wp-content\/uploads\/2018\/08\/coca-cola-produto-mais-vendido-mundo-500x333.jpg\" alt=\"\" width=\"500\" height=\"333\" srcset=\"https:\/\/www.sudoestehoje.com.br\/novoportal\/wp-content\/uploads\/2018\/08\/coca-cola-produto-mais-vendido-mundo-500x333.jpg 500w, https:\/\/www.sudoestehoje.com.br\/novoportal\/wp-content\/uploads\/2018\/08\/coca-cola-produto-mais-vendido-mundo.jpg 660w\" sizes=\"auto, (max-width: 500px) 100vw, 500px\" \/><\/a><\/p>\n<p>A Coca-Cola negou na tarde desta ter\u00e7a-feira (21) que tenha a inten\u00e7\u00e3o de deixar a Zona Franca de Manaus, rebatendo reportagem do jornal Folha de S. Paulo nessa manh\u00e3 que informava que a empresa estaria amea\u00e7ando deixar o Brasil se n\u00e3o recuperasse subs\u00eddio na Zona Franca.<\/p>\n<p>A empresa tamb\u00e9m reiterou que suas pr\u00e1ticas incluem \u201cdi\u00e1logo e transpar\u00eancia\u201d. \u201cN\u00e3o trabalhamos com amea\u00e7as\u201d, diz a multinacional em nota.<\/p>\n<div class=\"article-paragraph\">\n<p>Na reportagem, a Folha afirmava que a pretens\u00e3o de deixar o pa\u00eds era sustentada pela alega\u00e7\u00e3o de que s\u00f3 faz sentido continuar operando na regi\u00e3o se a\u00a0al\u00edquota do IPI que incide sobre o concentrado de refrigerante for de, pelo menos, 15%.<\/p>\n<div id=\"sas_intextContainer_8073709\">\u00a0Ap\u00f3s a paralisa\u00e7\u00e3o dos caminhoneiros,\u00a0o xarope de refrigerante passou a pagar uma al\u00edquota de 4% de IPI \u2013 antes, era de 20%. Contudo, a empresa n\u00e3o paga esse imposto, por estar na Zona Franca, e o IPI<b>\u00a0<\/b>se torna um \u201ccr\u00e9dito\u201d, que a ajuda a abater outros tributos.<\/div>\n<div><\/div>\n<div>A empresa nega que haja interesse em deixar o pa\u00eds e destaca que o \u201ccompromisso com o Brasil \u00e9 s\u00f3lido\u201d.<\/div>\n<\/div>\n","protected":false},"excerpt":{"rendered":"<p>A Coca-Cola negou na tarde desta ter\u00e7a-feira (21) que tenha a inten\u00e7\u00e3o de deixar a Zona Franca de Manaus, rebatendo reportagem do jornal Folha de S. Paulo nessa manh\u00e3 que informava que a empresa estaria amea\u00e7ando deixar o Brasil se n\u00e3o recuperasse subs\u00eddio na Zona Franca. A empresa tamb\u00e9m reiterou que suas pr\u00e1ticas incluem \u201cdi\u00e1logo [&hellip;]<\/p>\n","protected":false},"author":2,"featured_media":74524,"comment_status":"open","ping_status":"open","sticky":false,"template":"","format":"standard","meta":{"footnotes":"","_links_to":"","_links_to_target":""},"categories":[1],"tags":[],"class_list":["post-74523","post","type-post","status-publish","format-standard","has-post-thumbnail","hentry","category-geral"],"views":1021,"_links":{"self":[{"href":"https:\/\/www.sudoestehoje.com.br\/novoportal\/wp-json\/wp\/v2\/posts\/74523","targetHints":{"allow":["GET"]}}],"collection":[{"href":"https:\/\/www.sudoestehoje.com.br\/novoportal\/wp-json\/wp\/v2\/posts"}],"about":[{"href":"https:\/\/www.sudoestehoje.com.br\/novoportal\/wp-json\/wp\/v2\/types\/post"}],"author":[{"embeddable":true,"href":"https:\/\/www.sudoestehoje.com.br\/novoportal\/wp-json\/wp\/v2\/users\/2"}],"replies":[{"embeddable":true,"href":"https:\/\/www.sudoestehoje.com.br\/novoportal\/wp-json\/wp\/v2\/comments?post=74523"}],"version-history":[{"count":1,"href":"https:\/\/www.sudoestehoje.com.br\/novoportal\/wp-json\/wp\/v2\/posts\/74523\/revisions"}],"predecessor-version":[{"id":74525,"href":"https:\/\/www.sudoestehoje.com.br\/novoportal\/wp-json\/wp\/v2\/posts\/74523\/revisions\/74525"}],"wp:featuredmedia":[{"embeddable":true,"href":"https:\/\/www.sudoestehoje.com.br\/novoportal\/wp-json\/wp\/v2\/media\/74524"}],"wp:attachment":[{"href":"https:\/\/www.sudoestehoje.com.br\/novoportal\/wp-json\/wp\/v2\/media?parent=74523"}],"wp:term":[{"taxonomy":"category","embeddable":true,"href":"https:\/\/www.sudoestehoje.com.br\/novoportal\/wp-json\/wp\/v2\/categories?post=74523"},{"taxonomy":"post_tag","embeddable":true,"href":"https:\/\/www.sudoestehoje.com.br\/novoportal\/wp-json\/wp\/v2\/tags?post=74523"}],"curies":[{"name":"wp","href":"https:\/\/api.w.org\/{rel}","templated":true}]}}