
{"id":7452,"date":"2011-08-10T19:46:57","date_gmt":"2011-08-10T22:46:57","guid":{"rendered":"http:\/\/www.sudoestehoje.com.br\/novoportal\/?p=7452"},"modified":"2011-08-10T19:46:57","modified_gmt":"2011-08-10T22:46:57","slug":"gianecchini-esta-com-cancer","status":"publish","type":"post","link":"https:\/\/www.sudoestehoje.com.br\/novoportal\/2011\/08\/10\/gianecchini-esta-com-cancer\/","title":{"rendered":"GIANECCHINI EST\u00c1 COM C\u00c2NCER"},"content":{"rendered":"<p style=\"text-align: center;\"><em>Foto: Divulga\u00e7\u00e3o<br \/>\n<\/em><img decoding=\"async\" class=\"aligncenter\" src=\"http:\/\/www.bahianoticias.com.br\/fotos\/editor\/Image\/FOTOS%20NOVAS\/reinaldo_gianechinni_foto_globo.jpg\" alt=\"\" \/><br \/>\n<em><strong>Ator tem mesmo tipo de c\u00e2ncer que a presidente Dilma Rousseff tinha em 2009<\/strong><\/em><\/p>\n<p>\u00a0<\/p>\n<p>Exames realizados no Hospital S\u00edrio-Liban\u00eas, em S\u00e3o Paulo, nesta quarta-feira (10), confirmaram que o ator Reynaldo Gianecchini, de 39 anos, est\u00e1 mesmo com c\u00e2ncer. A assessoria da unidade informou que o ator recebeu &#8220;o diagn\u00f3stico inicial&#8221; de um linfoma n\u00e3o-Hodgkin, um tipo de c\u00e2ncer que se desenvolve nos linf\u00f3citos, semelhante ao que a presidente Dilma Rousseff teve em 2009.<\/p>\n<p>\u00a0Em comunicado divulgado pela Central Globo de Comunica\u00e7\u00e3o, logo ap\u00f3s a confirma\u00e7\u00e3o da enfermidade, Gianechinni disse estar preparado para enfrentar a doen\u00e7a. \u201cEstou pronto para a luta e conto com o carinho e amor de todos voc\u00eas\u201d, disse o ator.<\/p>\n<p>\u00a0A assessoria do gal\u00e3 disse que aguarda o laudo m\u00e9dico do hospital para divulgar uma nota sobre seu estado de sa\u00fade. Em junho, Giane passou por cirurgia de h\u00e9rnia inguinal no mesmo hospital.<\/p>\n<p>\u00a0O ator estava em cartaz com a pe\u00e7a \u201cCruel\u201d, que estreou em 27 de junho na capital paulista. Segundo a assessoria do espet\u00e1culo, as apresenta\u00e7\u00f5es foram suspensas h\u00e1 duas semanas. No comunicado de cancelamento, a assessoria disse que, ap\u00f3s uma faringite cr\u00f4nica, o ator \u201cfoi tratado com antibi\u00f3tico que resultou grave rea\u00e7\u00e3o al\u00e9rgica\u201d.<\/p>\n","protected":false},"excerpt":{"rendered":"<p>Foto: Divulga\u00e7\u00e3o Ator tem mesmo tipo de c\u00e2ncer que a presidente Dilma Rousseff tinha em 2009 \u00a0 Exames realizados no Hospital S\u00edrio-Liban\u00eas, em S\u00e3o Paulo, nesta quarta-feira (10), confirmaram que o ator Reynaldo Gianecchini, de 39 anos, est\u00e1 mesmo com c\u00e2ncer. A assessoria da unidade informou que o ator recebeu &#8220;o diagn\u00f3stico inicial&#8221; de um [&hellip;]<\/p>\n","protected":false},"author":2,"featured_media":0,"comment_status":"open","ping_status":"open","sticky":false,"template":"","format":"standard","meta":{"footnotes":"","_links_to":"","_links_to_target":""},"categories":[1],"tags":[],"class_list":["post-7452","post","type-post","status-publish","format-standard","hentry","category-geral"],"views":1326,"_links":{"self":[{"href":"https:\/\/www.sudoestehoje.com.br\/novoportal\/wp-json\/wp\/v2\/posts\/7452","targetHints":{"allow":["GET"]}}],"collection":[{"href":"https:\/\/www.sudoestehoje.com.br\/novoportal\/wp-json\/wp\/v2\/posts"}],"about":[{"href":"https:\/\/www.sudoestehoje.com.br\/novoportal\/wp-json\/wp\/v2\/types\/post"}],"author":[{"embeddable":true,"href":"https:\/\/www.sudoestehoje.com.br\/novoportal\/wp-json\/wp\/v2\/users\/2"}],"replies":[{"embeddable":true,"href":"https:\/\/www.sudoestehoje.com.br\/novoportal\/wp-json\/wp\/v2\/comments?post=7452"}],"version-history":[{"count":4,"href":"https:\/\/www.sudoestehoje.com.br\/novoportal\/wp-json\/wp\/v2\/posts\/7452\/revisions"}],"predecessor-version":[{"id":7456,"href":"https:\/\/www.sudoestehoje.com.br\/novoportal\/wp-json\/wp\/v2\/posts\/7452\/revisions\/7456"}],"wp:attachment":[{"href":"https:\/\/www.sudoestehoje.com.br\/novoportal\/wp-json\/wp\/v2\/media?parent=7452"}],"wp:term":[{"taxonomy":"category","embeddable":true,"href":"https:\/\/www.sudoestehoje.com.br\/novoportal\/wp-json\/wp\/v2\/categories?post=7452"},{"taxonomy":"post_tag","embeddable":true,"href":"https:\/\/www.sudoestehoje.com.br\/novoportal\/wp-json\/wp\/v2\/tags?post=7452"}],"curies":[{"name":"wp","href":"https:\/\/api.w.org\/{rel}","templated":true}]}}