
{"id":74489,"date":"2018-08-20T22:05:14","date_gmt":"2018-08-21T01:05:14","guid":{"rendered":"http:\/\/www.sudoestehoje.com.br\/novoportal\/?p=74489"},"modified":"2018-08-20T22:05:14","modified_gmt":"2018-08-21T01:05:14","slug":"seguindo-orientacao-do-psb-marcelo-nilo-exclui-coronel-de-suas-pecas-de-campanha","status":"publish","type":"post","link":"https:\/\/www.sudoestehoje.com.br\/novoportal\/2018\/08\/20\/seguindo-orientacao-do-psb-marcelo-nilo-exclui-coronel-de-suas-pecas-de-campanha\/","title":{"rendered":"SEGUINDO ORIENTA\u00c7\u00c3O DO PSB, MARCELO NILO EXCLUI CORONEL DE SUAS PE\u00c7AS DE CAMPANHA"},"content":{"rendered":"<p><a href=\"http:\/\/www.sudoestehoje.com.br\/novoportal\/wp-content\/uploads\/2018\/08\/Nilo-campanha.jpg\"><img loading=\"lazy\" decoding=\"async\" class=\"aligncenter size-medium wp-image-74490\" src=\"http:\/\/www.sudoestehoje.com.br\/novoportal\/wp-content\/uploads\/2018\/08\/Nilo-campanha-500x346.jpg\" alt=\"\" width=\"500\" height=\"346\" srcset=\"https:\/\/www.sudoestehoje.com.br\/novoportal\/wp-content\/uploads\/2018\/08\/Nilo-campanha-500x346.jpg 500w, https:\/\/www.sudoestehoje.com.br\/novoportal\/wp-content\/uploads\/2018\/08\/Nilo-campanha.jpg 599w\" sizes=\"auto, (max-width: 500px) 100vw, 500px\" \/><\/a><\/p>\n<p>Candidato a deputado federal pelo PSB, da senadora L\u00eddice da Mata, o deputado estadual Marcelo Nilo disse ao\u00a0<strong>bahia.ba<\/strong>\u00a0que n\u00e3o incluiu seu sucessor na presid\u00eancia da Assembleia Legislativa da Bahia, \u00c2ngelo Coronel (PSD), em suas pe\u00e7as de campanha porque est\u00e1 \u201cseguindo as orienta\u00e7\u00f5es do partido\u201d.<\/p>\n<p>Em panfleto virtual distribu\u00eddo por WhatsApp, Nilo tem sua imagem associada apenas \u00e0 de Jaques Wagner (PT) e Rui Costa (PT).<\/p>\n<p>\u201cO partido decidiu que s\u00f3 votaremos em Rui para governador e Wagner para senador. N\u00e3o ficou decidido que apoiaremos outro nome para senador. Eu sigo\u00a0meu partido\u201d.<\/p>\n<p>O deputado admitiu, contudo, que o PSB n\u00e3o pro\u00edbe nenhum de seus quadros\u00a0de declarar\u00a0apoio a Coronel. \u201cNingu\u00e9m est\u00e1 proibido de apoiar\u00a0o candidato (do PSD)\u201d.<\/p>\n<p>O movimento de \u2018rebeldia\u2019 do PSB come\u00e7ou com o presidente do partido em Salvador,\u00a0Waldemar Oliveira, que declarou voto em Celsinho Cotrim, candidato ao Senado pelo PRTB.<\/p>\n","protected":false},"excerpt":{"rendered":"<p>Candidato a deputado federal pelo PSB, da senadora L\u00eddice da Mata, o deputado estadual Marcelo Nilo disse ao\u00a0bahia.ba\u00a0que n\u00e3o incluiu seu sucessor na presid\u00eancia da Assembleia Legislativa da Bahia, \u00c2ngelo Coronel (PSD), em suas pe\u00e7as de campanha porque est\u00e1 \u201cseguindo as orienta\u00e7\u00f5es do partido\u201d. Em panfleto virtual distribu\u00eddo por WhatsApp, Nilo tem sua imagem associada [&hellip;]<\/p>\n","protected":false},"author":2,"featured_media":74490,"comment_status":"open","ping_status":"open","sticky":false,"template":"","format":"standard","meta":{"footnotes":"","_links_to":"","_links_to_target":""},"categories":[1],"tags":[],"class_list":["post-74489","post","type-post","status-publish","format-standard","has-post-thumbnail","hentry","category-geral"],"views":1136,"_links":{"self":[{"href":"https:\/\/www.sudoestehoje.com.br\/novoportal\/wp-json\/wp\/v2\/posts\/74489","targetHints":{"allow":["GET"]}}],"collection":[{"href":"https:\/\/www.sudoestehoje.com.br\/novoportal\/wp-json\/wp\/v2\/posts"}],"about":[{"href":"https:\/\/www.sudoestehoje.com.br\/novoportal\/wp-json\/wp\/v2\/types\/post"}],"author":[{"embeddable":true,"href":"https:\/\/www.sudoestehoje.com.br\/novoportal\/wp-json\/wp\/v2\/users\/2"}],"replies":[{"embeddable":true,"href":"https:\/\/www.sudoestehoje.com.br\/novoportal\/wp-json\/wp\/v2\/comments?post=74489"}],"version-history":[{"count":1,"href":"https:\/\/www.sudoestehoje.com.br\/novoportal\/wp-json\/wp\/v2\/posts\/74489\/revisions"}],"predecessor-version":[{"id":74491,"href":"https:\/\/www.sudoestehoje.com.br\/novoportal\/wp-json\/wp\/v2\/posts\/74489\/revisions\/74491"}],"wp:featuredmedia":[{"embeddable":true,"href":"https:\/\/www.sudoestehoje.com.br\/novoportal\/wp-json\/wp\/v2\/media\/74490"}],"wp:attachment":[{"href":"https:\/\/www.sudoestehoje.com.br\/novoportal\/wp-json\/wp\/v2\/media?parent=74489"}],"wp:term":[{"taxonomy":"category","embeddable":true,"href":"https:\/\/www.sudoestehoje.com.br\/novoportal\/wp-json\/wp\/v2\/categories?post=74489"},{"taxonomy":"post_tag","embeddable":true,"href":"https:\/\/www.sudoestehoje.com.br\/novoportal\/wp-json\/wp\/v2\/tags?post=74489"}],"curies":[{"name":"wp","href":"https:\/\/api.w.org\/{rel}","templated":true}]}}