
{"id":74477,"date":"2018-08-20T20:09:20","date_gmt":"2018-08-20T23:09:20","guid":{"rendered":"http:\/\/www.sudoestehoje.com.br\/novoportal\/?p=74477"},"modified":"2018-08-20T20:26:25","modified_gmt":"2018-08-20T23:26:25","slug":"pesquisa-ibope-lula-37-bolsonaro-18-marina-6-ciro-5-alckminl-5","status":"publish","type":"post","link":"https:\/\/www.sudoestehoje.com.br\/novoportal\/2018\/08\/20\/pesquisa-ibope-lula-37-bolsonaro-18-marina-6-ciro-5-alckminl-5\/","title":{"rendered":"PESQUISA IBOPE: LULA, 37%; BOLSONARO, 18%; MARINA, 6%; CIRO, 5%; ALCKMINl, 5%"},"content":{"rendered":"<div class=\"mc-column content-text active-extra-styles active-capital-letter\" data-block-type=\"unstyled\" data-block-weight=\"46\" data-block-id=\"1\">\n<p class=\"content-text__container theme-color-primary-first-letter\" data-track-category=\"Link no Texto\" data-track-links=\"\"><a href=\"http:\/\/www.sudoestehoje.com.br\/novoportal\/wp-content\/uploads\/2018\/08\/LULA-BOLSONARO-MARINA.jpg\"><img loading=\"lazy\" decoding=\"async\" class=\"aligncenter size-medium wp-image-74479\" src=\"http:\/\/www.sudoestehoje.com.br\/novoportal\/wp-content\/uploads\/2018\/08\/LULA-BOLSONARO-MARINA-500x275.jpg\" alt=\"\" width=\"500\" height=\"275\" srcset=\"https:\/\/www.sudoestehoje.com.br\/novoportal\/wp-content\/uploads\/2018\/08\/LULA-BOLSONARO-MARINA-500x275.jpg 500w, https:\/\/www.sudoestehoje.com.br\/novoportal\/wp-content\/uploads\/2018\/08\/LULA-BOLSONARO-MARINA-768x422.jpg 768w, https:\/\/www.sudoestehoje.com.br\/novoportal\/wp-content\/uploads\/2018\/08\/LULA-BOLSONARO-MARINA-700x385.jpg 700w, https:\/\/www.sudoestehoje.com.br\/novoportal\/wp-content\/uploads\/2018\/08\/LULA-BOLSONARO-MARINA.jpg 872w\" sizes=\"auto, (max-width: 500px) 100vw, 500px\" \/><\/a><\/p>\n<p class=\"content-text__container theme-color-primary-first-letter\" data-track-category=\"Link no Texto\" data-track-links=\"\">Pesquisa Ibope divulgada nesta segunda-feira (20) apurou os percentuais de inten\u00e7\u00e3o de voto para presidente da Rep\u00fablica em dois cen\u00e1rios com candidatos diferentes do PT \u2013 o ex-presidente Luiz In\u00e1cio Lula da Silva no primeiro cen\u00e1rio e o ex-prefeito de S\u00e3o Paulo Fernando Haddad no segundo.<\/p>\n<\/div>\n<div class=\"wall\">\n<div class=\"mc-column content-text active-extra-styles\" data-block-type=\"raw\" data-block-weight=\"3\" data-block-id=\"2\">\n<div class=\"content-intertitle\">\n<h2>Cen\u00e1rio com Lula<\/h2>\n<\/div>\n<\/div>\n<div class=\"mc-column content-text active-extra-styles \" data-block-type=\"unstyled\" data-block-weight=\"21\" data-block-id=\"3\">\n<p class=\"content-text__container \" data-track-category=\"Link no Texto\" data-track-links=\"\">No cen\u00e1rio que inclui como candidato do PT o ex-presidente Luiz In\u00e1cio Lula da Silva, a pesquisa apresentou o seguinte resultado:<\/p>\n<\/div>\n<div class=\"mc-column content-text active-extra-styles\" data-block-type=\"raw\" data-block-weight=\"60\" data-block-id=\"4\">\n<ul class=\"content-unordered-list\">\n<li><strong>Luiz In\u00e1cio Lula da Silva (PT)<\/strong>: 37%<\/li>\n<li><strong>Jair Bolsonaro (PSL)<\/strong>: 18%<\/li>\n<li><strong>Marina Silva (Rede)<\/strong>: 6%<\/li>\n<li><strong>Ciro Gomes (PDT)<\/strong>: 5%<\/li>\n<li><strong>Geraldo Alckmin (PSDB)<\/strong>: 5%<\/li>\n<li><strong>Alvaro Dias (Podemos)<\/strong>: 3%<\/li>\n<li><strong>Eymael (DC)<\/strong>: 1%<\/li>\n<li><strong>Guilherme Boulos (PSOL)<\/strong>: 1%<\/li>\n<li><strong>Henrique Meirelles (MDB)<\/strong>: 1%<\/li>\n<li><strong>Jo\u00e3o Amo\u00eado (Novo)<\/strong>: 1%<\/li>\n<li><strong>Cabo Daciolo (Patriota)<\/strong>: 0<\/li>\n<li><strong>Vera (PSTU)<\/strong>: 0<\/li>\n<li><strong>Jo\u00e3o Goulart Filho (PPL)<\/strong>: 0<\/li>\n<li>Branco\/nulos: 16%<\/li>\n<li>N\u00e3o sabe\/n\u00e3o respondeu: 6%<\/li>\n<\/ul>\n<\/div>\n<div class=\"mc-column content-text active-extra-styles \" data-block-type=\"unstyled\" data-block-weight=\"29\" data-block-id=\"5\">\n<p class=\"content-text__container \" data-track-category=\"Link no Texto\" data-track-links=\"\">A pesquisa foi encomendada pela TV Globo e pelo jornal &#8220;O Estado de S.Paulo&#8221;. \u00c9 o primeiro levantamento do Ibope realizado depois da oficializa\u00e7\u00e3o das candidaturas na Justi\u00e7a Eleitoral.<\/p>\n<\/div>\n<div class=\"mc-column content-text active-extra-styles\" data-block-type=\"raw\" data-block-weight=\"3\" data-block-id=\"6\">\n<div class=\"content-intertitle\">\n<h2>Cen\u00e1rio com Haddad<\/h2>\n<\/div>\n<\/div>\n<div class=\"mc-column content-text active-extra-styles \" data-block-type=\"unstyled\" data-block-weight=\"23\" data-block-id=\"7\"><\/div>\n<div class=\"mc-column content-text active-extra-styles \" data-block-type=\"unstyled\" data-block-weight=\"28\" data-block-id=\"9\"><\/div>\n<div class=\"mc-column content-text active-extra-styles \" data-block-type=\"unstyled\" data-block-weight=\"5\" data-block-id=\"11\">\n<p class=\"content-text__container \" data-track-category=\"Link no Texto\" data-track-links=\"\">Nesse cen\u00e1rio, o resultado seria:<\/p>\n<\/div>\n<div class=\"mc-column content-text active-extra-styles\" data-block-type=\"raw\" data-block-weight=\"57\" data-block-id=\"12\">\n<ul class=\"content-unordered-list\">\n<li><strong>Jair Bolsonaro (PSL)<\/strong>: 20%<\/li>\n<li><strong>Marina Silva (Rede)<\/strong>: 12%<\/li>\n<li><strong>Ciro Gomes (PDT)<\/strong>: 9%<\/li>\n<li><strong>Geraldo Alckmin (PSDB)<\/strong>: 7%<\/li>\n<li><strong>Fernando Haddad (PT)<\/strong>: 4%<\/li>\n<li><strong>Alvaro Dias (Podemos)<\/strong>: 3%<\/li>\n<li><strong>Eymael (DC)<\/strong>: 1%<\/li>\n<li><strong>Guilherme Boulos (PSOL)<\/strong>: 1%<\/li>\n<li><strong>Henrique Meirelles (MDB)<\/strong>: 1%<\/li>\n<li><strong>Jo\u00e3o Amo\u00eado (Novo)<\/strong>: 1%<\/li>\n<li><strong>Cabo Daciolo (Patriota)<\/strong>: 1%<\/li>\n<li><strong>Vera (PSTU)<\/strong>: 1%<\/li>\n<li><strong>Jo\u00e3o Goulart Filho (PPL)<\/strong>: 1%<\/li>\n<li>Branco\/nulos: 29%<\/li>\n<li>N\u00e3o sabe\/n\u00e3o respondeu: 9%<\/li>\n<\/ul>\n<\/div>\n<div class=\"mc-column content-text active-extra-styles\" data-block-type=\"raw\" data-block-weight=\"3\" data-block-id=\"13\">\n<div class=\"content-intertitle\">\n<h2>Sobre a pesquisa<\/h2>\n<\/div>\n<\/div>\n<\/div>\n<div data-track-category=\"fim do conteudo\" data-track-action=\"ultimo chunk conteudo\" data-track-noninteraction=\"false\" data-track-scroll=\"entrada completa viewport\">\n<div class=\"mc-column content-text active-extra-styles\" data-block-type=\"raw\" data-block-weight=\"85\" data-block-id=\"14\">\n<ul class=\"content-unordered-list\">\n<li><strong>Margem de erro:<\/strong>\u00a0dois pontos percentuais para mais ou para menos<\/li>\n<li><strong>Quem foi ouvido:<\/strong>\u00a02002 eleitores em 142 munic\u00edpios<\/li>\n<li><strong>Quando a pesquisa foi feita<\/strong>: de 17 a 19 de agosto<\/li>\n<li><strong>Registro no TSE:\u00a0<\/strong>protocolo n\u00ba BR\u201001665\/2018<\/li>\n<li>O\u00a0<strong>n\u00edvel de confian\u00e7a<\/strong>\u00a0utilizado \u00e9 de 95%. Isso quer dizer que h\u00e1 uma probabilidade de 95% de os resultados retratarem o atual momento eleitoral, considerando a margem de erro;<\/li>\n<li>0% significa que o candidato n\u00e3o atingiu 1%; tra\u00e7o significa que o candidato n\u00e3o foi citado por nenhum entrevistado.<\/li>\n<\/ul>\n<\/div>\n<\/div>\n","protected":false},"excerpt":{"rendered":"<p>Pesquisa Ibope divulgada nesta segunda-feira (20) apurou os percentuais de inten\u00e7\u00e3o de voto para presidente da Rep\u00fablica em dois cen\u00e1rios com candidatos diferentes do PT \u2013 o ex-presidente Luiz In\u00e1cio Lula da Silva no primeiro cen\u00e1rio e o ex-prefeito de S\u00e3o Paulo Fernando Haddad no segundo. Cen\u00e1rio com Lula No cen\u00e1rio que inclui como candidato [&hellip;]<\/p>\n","protected":false},"author":2,"featured_media":74479,"comment_status":"open","ping_status":"open","sticky":false,"template":"","format":"standard","meta":{"footnotes":"","_links_to":"","_links_to_target":""},"categories":[1],"tags":[],"class_list":["post-74477","post","type-post","status-publish","format-standard","has-post-thumbnail","hentry","category-geral"],"views":1336,"_links":{"self":[{"href":"https:\/\/www.sudoestehoje.com.br\/novoportal\/wp-json\/wp\/v2\/posts\/74477","targetHints":{"allow":["GET"]}}],"collection":[{"href":"https:\/\/www.sudoestehoje.com.br\/novoportal\/wp-json\/wp\/v2\/posts"}],"about":[{"href":"https:\/\/www.sudoestehoje.com.br\/novoportal\/wp-json\/wp\/v2\/types\/post"}],"author":[{"embeddable":true,"href":"https:\/\/www.sudoestehoje.com.br\/novoportal\/wp-json\/wp\/v2\/users\/2"}],"replies":[{"embeddable":true,"href":"https:\/\/www.sudoestehoje.com.br\/novoportal\/wp-json\/wp\/v2\/comments?post=74477"}],"version-history":[{"count":4,"href":"https:\/\/www.sudoestehoje.com.br\/novoportal\/wp-json\/wp\/v2\/posts\/74477\/revisions"}],"predecessor-version":[{"id":74482,"href":"https:\/\/www.sudoestehoje.com.br\/novoportal\/wp-json\/wp\/v2\/posts\/74477\/revisions\/74482"}],"wp:featuredmedia":[{"embeddable":true,"href":"https:\/\/www.sudoestehoje.com.br\/novoportal\/wp-json\/wp\/v2\/media\/74479"}],"wp:attachment":[{"href":"https:\/\/www.sudoestehoje.com.br\/novoportal\/wp-json\/wp\/v2\/media?parent=74477"}],"wp:term":[{"taxonomy":"category","embeddable":true,"href":"https:\/\/www.sudoestehoje.com.br\/novoportal\/wp-json\/wp\/v2\/categories?post=74477"},{"taxonomy":"post_tag","embeddable":true,"href":"https:\/\/www.sudoestehoje.com.br\/novoportal\/wp-json\/wp\/v2\/tags?post=74477"}],"curies":[{"name":"wp","href":"https:\/\/api.w.org\/{rel}","templated":true}]}}