
{"id":7444,"date":"2011-08-10T16:00:57","date_gmt":"2011-08-10T19:00:57","guid":{"rendered":"http:\/\/www.sudoestehoje.com.br\/novoportal\/?p=7444"},"modified":"2011-08-10T16:05:04","modified_gmt":"2011-08-10T19:05:04","slug":"cegueira-oficial","status":"publish","type":"post","link":"https:\/\/www.sudoestehoje.com.br\/novoportal\/2011\/08\/10\/cegueira-oficial\/","title":{"rendered":"CEGUEIRA OFICIAL"},"content":{"rendered":"<p style=\"text-align: center;\"><img loading=\"lazy\" decoding=\"async\" class=\"aligncenter\" src=\"http:\/\/www.vavila-associados.com\/sitebuilder\/images\/DCO2044_de_olhos_vendados-155x237.jpg\" alt=\"\" width=\"138\" height=\"194\" \/><\/p>\n<p>\u00c9 impressionante a forma equivocada como a administra\u00e7\u00e3o municipal enxerga os movimentos sociais. Encaram um protesto justo e ordeiro da popula\u00e7\u00e3o insatisfeita com os rumos da administra\u00e7\u00e3o, como se fosse um mero ato eleitoral dos seus advers\u00e1rios, e tentam desqualificar o movimento com um argumento bobo, de quem est\u00e1 se pelando de medo, dizendo simplesmente, &#8220;foi fraco, tinha pouca gente&#8221;. Esquecem-se, por mera conveni\u00eancia, ou cegueira, de um fator important\u00edssimo, conhecido como &#8216;inconsciente coletivo&#8217;, aquele mesmo que pedia mudan\u00e7a nas elei\u00e7\u00f5es passadas e que hoje morre de arrependimento e quer ir \u00e0 forra. Quantos protesto j\u00e1 tivemos, nesta administra\u00e7\u00e3o, em frente \u00e0 prefeitura municipal? Algu\u00e9m se lembra? \u00c9 bom o prefeito ir somando, para ver o tamanho do desgaste que vem sofrendo. Se tivesse ju\u00edzo, n\u00e3o ouviria a bajula\u00e7\u00e3o dos puxas que s\u00f3 querem garantir seus privil\u00e9gios. Do jeito que vai, \u00e9 cacete na certa, podem esperar.<\/p>\n","protected":false},"excerpt":{"rendered":"<p>\u00c9 impressionante a forma equivocada como a administra\u00e7\u00e3o municipal enxerga os movimentos sociais. Encaram um protesto justo e ordeiro da popula\u00e7\u00e3o insatisfeita com os rumos da administra\u00e7\u00e3o, como se fosse um mero ato eleitoral dos seus advers\u00e1rios, e tentam desqualificar o movimento com um argumento bobo, de quem est\u00e1 se pelando de medo, dizendo simplesmente, [&hellip;]<\/p>\n","protected":false},"author":2,"featured_media":0,"comment_status":"open","ping_status":"open","sticky":false,"template":"","format":"standard","meta":{"footnotes":"","_links_to":"","_links_to_target":""},"categories":[11],"tags":[],"class_list":["post-7444","post","type-post","status-publish","format-standard","hentry","category-quentinhas"],"views":1145,"_links":{"self":[{"href":"https:\/\/www.sudoestehoje.com.br\/novoportal\/wp-json\/wp\/v2\/posts\/7444","targetHints":{"allow":["GET"]}}],"collection":[{"href":"https:\/\/www.sudoestehoje.com.br\/novoportal\/wp-json\/wp\/v2\/posts"}],"about":[{"href":"https:\/\/www.sudoestehoje.com.br\/novoportal\/wp-json\/wp\/v2\/types\/post"}],"author":[{"embeddable":true,"href":"https:\/\/www.sudoestehoje.com.br\/novoportal\/wp-json\/wp\/v2\/users\/2"}],"replies":[{"embeddable":true,"href":"https:\/\/www.sudoestehoje.com.br\/novoportal\/wp-json\/wp\/v2\/comments?post=7444"}],"version-history":[{"count":3,"href":"https:\/\/www.sudoestehoje.com.br\/novoportal\/wp-json\/wp\/v2\/posts\/7444\/revisions"}],"predecessor-version":[{"id":7446,"href":"https:\/\/www.sudoestehoje.com.br\/novoportal\/wp-json\/wp\/v2\/posts\/7444\/revisions\/7446"}],"wp:attachment":[{"href":"https:\/\/www.sudoestehoje.com.br\/novoportal\/wp-json\/wp\/v2\/media?parent=7444"}],"wp:term":[{"taxonomy":"category","embeddable":true,"href":"https:\/\/www.sudoestehoje.com.br\/novoportal\/wp-json\/wp\/v2\/categories?post=7444"},{"taxonomy":"post_tag","embeddable":true,"href":"https:\/\/www.sudoestehoje.com.br\/novoportal\/wp-json\/wp\/v2\/tags?post=7444"}],"curies":[{"name":"wp","href":"https:\/\/api.w.org\/{rel}","templated":true}]}}