
{"id":74416,"date":"2018-08-17T22:14:47","date_gmt":"2018-08-18T01:14:47","guid":{"rendered":"http:\/\/www.sudoestehoje.com.br\/novoportal\/?p=74416"},"modified":"2018-08-17T22:14:47","modified_gmt":"2018-08-18T01:14:47","slug":"debate-marcos-mendes-afirma-que-ex-carlistas-comandam-governo-da-bahia","status":"publish","type":"post","link":"https:\/\/www.sudoestehoje.com.br\/novoportal\/2018\/08\/17\/debate-marcos-mendes-afirma-que-ex-carlistas-comandam-governo-da-bahia\/","title":{"rendered":"DEBATE: MARCOS MENDES AFIRMA QUE EX-CARLISTAS COMANDAM GOVERNO DA BAHIA"},"content":{"rendered":"<p><a href=\"http:\/\/www.sudoestehoje.com.br\/novoportal\/wp-content\/uploads\/2018\/08\/marcos-mendes.jpg\"><img loading=\"lazy\" decoding=\"async\" class=\"aligncenter size-medium wp-image-74417\" src=\"http:\/\/www.sudoestehoje.com.br\/novoportal\/wp-content\/uploads\/2018\/08\/marcos-mendes-500x281.jpg\" alt=\"\" width=\"500\" height=\"281\" srcset=\"https:\/\/www.sudoestehoje.com.br\/novoportal\/wp-content\/uploads\/2018\/08\/marcos-mendes-500x281.jpg 500w, https:\/\/www.sudoestehoje.com.br\/novoportal\/wp-content\/uploads\/2018\/08\/marcos-mendes-768x431.jpg 768w, https:\/\/www.sudoestehoje.com.br\/novoportal\/wp-content\/uploads\/2018\/08\/marcos-mendes-700x393.jpg 700w, https:\/\/www.sudoestehoje.com.br\/novoportal\/wp-content\/uploads\/2018\/08\/marcos-mendes.jpg 890w\" sizes=\"auto, (max-width: 500px) 100vw, 500px\" \/><\/a><\/p>\n<p>Durante o debate na Band, na noite desta quinta-feira (16), o candidato ao governo do estado pelo PSOL,\u00a0 Marcos Mendes, refutou a ideia de que poderia repetir, na Bahia, a dobradinha que atualmente Guilherme Boulos (PSOL) e o ex-presidente Luiz In\u00e1cio Lula da Silva (PT),\u00a0fazem na disputa pela\u00a0Presid\u00eancia da Rep\u00fablica.\u00a0<em>\u201cN\u00e3o temos pol\u00edtica de boa vizinhan\u00e7a com Rui Costa (PT). Aqui \u00e9 diferente, pois o golpe continua\u201d<\/em>, comentou.<\/p>\n<p>Segundo o candidato, o PSOL n\u00e3o poderia marchar com o PT na Bahia, por conta das alian\u00e7as que o governador candidato \u00e0 reelei\u00e7\u00e3o escolheu fazer. <em>\u201cQuem comanda o governo na Bahia \u00e9 o PSD na figura de Otto Alencar e agora Angelo Coronel [candidato ao Senado na Chapa de Rui]. Quem comanda tamb\u00e9m \u00e9 o PP de Jo\u00e3o Le\u00e3o e M\u00e1rio Negromonte. Voc\u00ea n\u00e3o vai transformar a sociedade fazendo esse tipo de alian\u00e7a fisiol\u00f3gica com partido que est\u00e1 tomando conta\u00a0da Bahia\u201d<\/em>, discursou Mendes.<\/p>\n<p>Durante o processo de forma\u00e7\u00e3o da chapa de Rui Costa, o PSD foi uma voz bastante ativa em seus pleitos. Al\u00e9m de conseguir que Angelo Coronel (PSD) ocupasse a vaga que disputa o Senado no lugar de L\u00eddice da Mata (PSB), a legenda presidida por Otto Alencar\u00a0aumentou o tom contra o PT na forma\u00e7\u00e3o da proporcional.<\/p>\n","protected":false},"excerpt":{"rendered":"<p>Durante o debate na Band, na noite desta quinta-feira (16), o candidato ao governo do estado pelo PSOL,\u00a0 Marcos Mendes, refutou a ideia de que poderia repetir, na Bahia, a dobradinha que atualmente Guilherme Boulos (PSOL) e o ex-presidente Luiz In\u00e1cio Lula da Silva (PT),\u00a0fazem na disputa pela\u00a0Presid\u00eancia da Rep\u00fablica.\u00a0\u201cN\u00e3o temos pol\u00edtica de boa vizinhan\u00e7a [&hellip;]<\/p>\n","protected":false},"author":2,"featured_media":74417,"comment_status":"open","ping_status":"open","sticky":false,"template":"","format":"standard","meta":{"footnotes":"","_links_to":"","_links_to_target":""},"categories":[1],"tags":[],"class_list":["post-74416","post","type-post","status-publish","format-standard","has-post-thumbnail","hentry","category-geral"],"views":1082,"_links":{"self":[{"href":"https:\/\/www.sudoestehoje.com.br\/novoportal\/wp-json\/wp\/v2\/posts\/74416","targetHints":{"allow":["GET"]}}],"collection":[{"href":"https:\/\/www.sudoestehoje.com.br\/novoportal\/wp-json\/wp\/v2\/posts"}],"about":[{"href":"https:\/\/www.sudoestehoje.com.br\/novoportal\/wp-json\/wp\/v2\/types\/post"}],"author":[{"embeddable":true,"href":"https:\/\/www.sudoestehoje.com.br\/novoportal\/wp-json\/wp\/v2\/users\/2"}],"replies":[{"embeddable":true,"href":"https:\/\/www.sudoestehoje.com.br\/novoportal\/wp-json\/wp\/v2\/comments?post=74416"}],"version-history":[{"count":2,"href":"https:\/\/www.sudoestehoje.com.br\/novoportal\/wp-json\/wp\/v2\/posts\/74416\/revisions"}],"predecessor-version":[{"id":74419,"href":"https:\/\/www.sudoestehoje.com.br\/novoportal\/wp-json\/wp\/v2\/posts\/74416\/revisions\/74419"}],"wp:featuredmedia":[{"embeddable":true,"href":"https:\/\/www.sudoestehoje.com.br\/novoportal\/wp-json\/wp\/v2\/media\/74417"}],"wp:attachment":[{"href":"https:\/\/www.sudoestehoje.com.br\/novoportal\/wp-json\/wp\/v2\/media?parent=74416"}],"wp:term":[{"taxonomy":"category","embeddable":true,"href":"https:\/\/www.sudoestehoje.com.br\/novoportal\/wp-json\/wp\/v2\/categories?post=74416"},{"taxonomy":"post_tag","embeddable":true,"href":"https:\/\/www.sudoestehoje.com.br\/novoportal\/wp-json\/wp\/v2\/tags?post=74416"}],"curies":[{"name":"wp","href":"https:\/\/api.w.org\/{rel}","templated":true}]}}