
{"id":74399,"date":"2018-08-17T20:03:20","date_gmt":"2018-08-17T23:03:20","guid":{"rendered":"http:\/\/www.sudoestehoje.com.br\/novoportal\/?p=74399"},"modified":"2018-08-17T20:03:20","modified_gmt":"2018-08-17T23:03:20","slug":"itapetinga-prefeitura-inicia-obras-do-acesso-de-cargas-da-central-de-abastecimento","status":"publish","type":"post","link":"https:\/\/www.sudoestehoje.com.br\/novoportal\/2018\/08\/17\/itapetinga-prefeitura-inicia-obras-do-acesso-de-cargas-da-central-de-abastecimento\/","title":{"rendered":"ITAPETINGA: PREFEITURA INICIA OBRAS DO ACESSO DE CARGAS DA CENTRAL DE ABASTECIMENTO"},"content":{"rendered":"<p><a href=\"http:\/\/www.sudoestehoje.com.br\/novoportal\/wp-content\/uploads\/2018\/08\/acesso-central-1.jpg\"><img loading=\"lazy\" decoding=\"async\" class=\"aligncenter size-medium wp-image-74401\" src=\"http:\/\/www.sudoestehoje.com.br\/novoportal\/wp-content\/uploads\/2018\/08\/acesso-central-1-500x281.jpg\" alt=\"\" width=\"500\" height=\"281\" srcset=\"https:\/\/www.sudoestehoje.com.br\/novoportal\/wp-content\/uploads\/2018\/08\/acesso-central-1-500x281.jpg 500w, https:\/\/www.sudoestehoje.com.br\/novoportal\/wp-content\/uploads\/2018\/08\/acesso-central-1-768x432.jpg 768w, https:\/\/www.sudoestehoje.com.br\/novoportal\/wp-content\/uploads\/2018\/08\/acesso-central-1-700x394.jpg 700w, https:\/\/www.sudoestehoje.com.br\/novoportal\/wp-content\/uploads\/2018\/08\/acesso-central-1.jpg 960w\" sizes=\"auto, (max-width: 500px) 100vw, 500px\" \/><\/a><\/p>\n<p>Nesta sexta-feira (17), a equipe da Secretaria de Infraestrutura da prefeitura de Itapetinga deu in\u00edcio \u00e0s obras de constru\u00e7\u00e3o do acesso de cargas na Central I de Abastecimento, uma antiga reivindica\u00e7\u00e3o dos comerciantes.<\/p>\n<p>O acesso de \u00e9 extremamente necess\u00e1rio e vai solucionar um antigo problema na descarga de mercadorias por ve\u00edculos pesados, que geralmente ficam atravessados no meio da movimentada via p\u00fablica, em dias de grande movimento na Central de Abastecimento, estrangulando o tr\u00e1fego de ve\u00edculos e causando transtornos.<\/p>\n<p><a href=\"http:\/\/www.sudoestehoje.com.br\/novoportal\/wp-content\/uploads\/2018\/08\/acesso-central-2.jpg\"><img loading=\"lazy\" decoding=\"async\" class=\"aligncenter size-medium wp-image-74404\" src=\"http:\/\/www.sudoestehoje.com.br\/novoportal\/wp-content\/uploads\/2018\/08\/acesso-central-2-500x281.jpg\" alt=\"\" width=\"500\" height=\"281\" srcset=\"https:\/\/www.sudoestehoje.com.br\/novoportal\/wp-content\/uploads\/2018\/08\/acesso-central-2-500x281.jpg 500w, https:\/\/www.sudoestehoje.com.br\/novoportal\/wp-content\/uploads\/2018\/08\/acesso-central-2-768x432.jpg 768w, https:\/\/www.sudoestehoje.com.br\/novoportal\/wp-content\/uploads\/2018\/08\/acesso-central-2-700x394.jpg 700w, https:\/\/www.sudoestehoje.com.br\/novoportal\/wp-content\/uploads\/2018\/08\/acesso-central-2.jpg 960w\" sizes=\"auto, (max-width: 500px) 100vw, 500px\" \/><\/a><\/p>\n<p>As obras j\u00e1 iniciadas dever\u00e3o ser conclu\u00eddas no decorrer da pr\u00f3xima semana.<\/p>\n<p><strong><em>Reda\u00e7\u00e3o<\/em><\/strong><\/p>\n","protected":false},"excerpt":{"rendered":"<p>Nesta sexta-feira (17), a equipe da Secretaria de Infraestrutura da prefeitura de Itapetinga deu in\u00edcio \u00e0s obras de constru\u00e7\u00e3o do acesso de cargas na Central I de Abastecimento, uma antiga reivindica\u00e7\u00e3o dos comerciantes. O acesso de \u00e9 extremamente necess\u00e1rio e vai solucionar um antigo problema na descarga de mercadorias por ve\u00edculos pesados, que geralmente ficam [&hellip;]<\/p>\n","protected":false},"author":2,"featured_media":74401,"comment_status":"open","ping_status":"open","sticky":false,"template":"","format":"standard","meta":{"footnotes":"","_links_to":"","_links_to_target":""},"categories":[1],"tags":[],"class_list":["post-74399","post","type-post","status-publish","format-standard","has-post-thumbnail","hentry","category-geral"],"views":1506,"_links":{"self":[{"href":"https:\/\/www.sudoestehoje.com.br\/novoportal\/wp-json\/wp\/v2\/posts\/74399","targetHints":{"allow":["GET"]}}],"collection":[{"href":"https:\/\/www.sudoestehoje.com.br\/novoportal\/wp-json\/wp\/v2\/posts"}],"about":[{"href":"https:\/\/www.sudoestehoje.com.br\/novoportal\/wp-json\/wp\/v2\/types\/post"}],"author":[{"embeddable":true,"href":"https:\/\/www.sudoestehoje.com.br\/novoportal\/wp-json\/wp\/v2\/users\/2"}],"replies":[{"embeddable":true,"href":"https:\/\/www.sudoestehoje.com.br\/novoportal\/wp-json\/wp\/v2\/comments?post=74399"}],"version-history":[{"count":3,"href":"https:\/\/www.sudoestehoje.com.br\/novoportal\/wp-json\/wp\/v2\/posts\/74399\/revisions"}],"predecessor-version":[{"id":74405,"href":"https:\/\/www.sudoestehoje.com.br\/novoportal\/wp-json\/wp\/v2\/posts\/74399\/revisions\/74405"}],"wp:featuredmedia":[{"embeddable":true,"href":"https:\/\/www.sudoestehoje.com.br\/novoportal\/wp-json\/wp\/v2\/media\/74401"}],"wp:attachment":[{"href":"https:\/\/www.sudoestehoje.com.br\/novoportal\/wp-json\/wp\/v2\/media?parent=74399"}],"wp:term":[{"taxonomy":"category","embeddable":true,"href":"https:\/\/www.sudoestehoje.com.br\/novoportal\/wp-json\/wp\/v2\/categories?post=74399"},{"taxonomy":"post_tag","embeddable":true,"href":"https:\/\/www.sudoestehoje.com.br\/novoportal\/wp-json\/wp\/v2\/tags?post=74399"}],"curies":[{"name":"wp","href":"https:\/\/api.w.org\/{rel}","templated":true}]}}