
{"id":74393,"date":"2018-08-17T08:39:56","date_gmt":"2018-08-17T11:39:56","guid":{"rendered":"http:\/\/www.sudoestehoje.com.br\/novoportal\/?p=74393"},"modified":"2018-08-17T18:51:40","modified_gmt":"2018-08-17T21:51:40","slug":"rui-costa-e-triturado-em-debate-na-band","status":"publish","type":"post","link":"https:\/\/www.sudoestehoje.com.br\/novoportal\/2018\/08\/17\/rui-costa-e-triturado-em-debate-na-band\/","title":{"rendered":"RUI COSTA \u00c9 TRITURADO EM DEBATE NA BAND"},"content":{"rendered":"<p><a href=\"http:\/\/www.sudoestehoje.com.br\/novoportal\/wp-content\/uploads\/2018\/08\/BAND-BAHIA-DEBATE-2018.jpg\"><img loading=\"lazy\" decoding=\"async\" class=\"aligncenter size-medium wp-image-74394\" src=\"http:\/\/www.sudoestehoje.com.br\/novoportal\/wp-content\/uploads\/2018\/08\/BAND-BAHIA-DEBATE-2018-500x350.jpg\" alt=\"\" width=\"500\" height=\"350\" srcset=\"https:\/\/www.sudoestehoje.com.br\/novoportal\/wp-content\/uploads\/2018\/08\/BAND-BAHIA-DEBATE-2018-500x350.jpg 500w, https:\/\/www.sudoestehoje.com.br\/novoportal\/wp-content\/uploads\/2018\/08\/BAND-BAHIA-DEBATE-2018.jpg 601w\" sizes=\"auto, (max-width: 500px) 100vw, 500px\" \/><\/a><\/p>\n<p>O primeiro debate entre os candidatos ao governo do estado foi repleto de cr\u00edticas \u00e0 gest\u00e3o do governador Rui Costa (PT). Em especial Marcos Mendes (PSOL) e Z\u00e9 Ronaldo (DEM), levantaram n\u00fameros e apontaram problemas na administra\u00e7\u00e3o do petista, remetendo inclusive ao fato do partido dele estar no poder h\u00e1 quase 12 anos. Rui, por outro lado, preferiu responder enumerando os seus projetos que foram colocados em pr\u00e1tica nos \u00faltimos quatro anos.<\/p>\n<p>Ao chegar na TV Bandeirantes, Z\u00e9 Ronaldo preferiu n\u00e3o apresentar qual seria sua estrat\u00e9gia na discuss\u00e3o. No entanto, logo em sua primeira participa\u00e7\u00e3o, ele fez reclama\u00e7\u00f5es sobre a atual gest\u00e3o nas \u00e1reas de seguran\u00e7a p\u00fablica e educa\u00e7\u00e3o. Em suas primeiras participa\u00e7\u00f5es no debate, Rui preferiu n\u00e3o responder diretamente e apenas citou os projetos realizados pelo seu governo para defender sua candidatura. Apenas no fim o governador condenou os ataques, mas tamb\u00e9m apontou dados negativos da prefeitura de Feira de Santana para atingir seu rival do DEM.<\/p>\n<p>Marcos Mendes (PSOL) foi quem mais criticou os oponentes durante o debate, dirigindo questionamentos tanto a Rui quanto a Z\u00e9 Ronaldo e ao grupo pol\u00edtico no entorno do democrata. O candidato do PSOL chegou inclusive a associar o atual governador ao carlismo. J\u00e1 Jo\u00e3o Henrique (PRTB) dedicou boa parte de seu tempo tentando \u201climpar\u201d sua imagem e se afastar do r\u00f3tulo de que fez uma gest\u00e3o ruim como prefeito de Salvador.<\/p>\n<p><a href=\"http:\/\/www.sudoestehoje.com.br\/novoportal\/wp-content\/uploads\/2018\/08\/Rui-entrevista-debate-Band.jpg\"><img loading=\"lazy\" decoding=\"async\" class=\"aligncenter size-medium wp-image-74396\" src=\"http:\/\/www.sudoestehoje.com.br\/novoportal\/wp-content\/uploads\/2018\/08\/Rui-entrevista-debate-Band-500x351.jpg\" alt=\"\" width=\"500\" height=\"351\" srcset=\"https:\/\/www.sudoestehoje.com.br\/novoportal\/wp-content\/uploads\/2018\/08\/Rui-entrevista-debate-Band-500x351.jpg 500w, https:\/\/www.sudoestehoje.com.br\/novoportal\/wp-content\/uploads\/2018\/08\/Rui-entrevista-debate-Band.jpg 599w\" sizes=\"auto, (max-width: 500px) 100vw, 500px\" \/><\/a><\/p>\n<p>Jo\u00e3o Henrique e C\u00e9lia Sacramento aproveitaram alguns momentos do debate para fazer uma dobradinha e debater sobre os problemas da gest\u00e3o estadual. A candidata da Rede Sustentabilidade tamb\u00e9m fez cr\u00edticas a Rui, questionando como os recentes mandatos liderados pelo PT n\u00e3o resolveram defici\u00eancias na seguran\u00e7a p\u00fablica e na quest\u00e3o h\u00eddrica, por exemplo. O atual governador tentou associar Z\u00e9 Ronaldo a Michel Temer, falando com frequ\u00eancia sobre \u201cos aliados de Temer na Bahia\u201d. No entanto, foi Jo\u00e3o Santana (MDB) quem precisou responder sobre o presidente da Rep\u00fablica. O candidato do MDB inclusive sugeriu que seu correligion\u00e1rio teria cometido um erro ao tratar a corrup\u00e7\u00e3o no Planalto, mas garantiu que agiria de forma diferente. \u201cSou ficha-limp\u00edssima\u201d, disse.<\/p>\n<p>O debate na TV Bandeirantes tamb\u00e9m foi uma oportunidade dos candidatos ao governo pedirem voto para os candidatos \u00e0 Presid\u00eancia da Rep\u00fablica. Jo\u00e3o Henrique foi quem mais tentou se aproximar de um aliado, mencionando constantemente o nome de Jair Bolsonaro (PSL). Na Bahia, PRTB e PSL fizeram uma alian\u00e7a na chapa majorit\u00e1ria para a elei\u00e7\u00e3o deste ano. C\u00e9lia, Rui e Mendes tamb\u00e9m tentaram promover Marina Silva (Rede), Lula (PT) e Guilherme Boulos (PSOL), respectivamente. Por outro, Z\u00e9 Ronaldo e Jo\u00e3o Santana n\u00e3o mencionaram os candidatos que seus respectivos partidos apoiam nacionalmente. \/\/<em>BN<\/em><\/p>\n","protected":false},"excerpt":{"rendered":"<p>O primeiro debate entre os candidatos ao governo do estado foi repleto de cr\u00edticas \u00e0 gest\u00e3o do governador Rui Costa (PT). Em especial Marcos Mendes (PSOL) e Z\u00e9 Ronaldo (DEM), levantaram n\u00fameros e apontaram problemas na administra\u00e7\u00e3o do petista, remetendo inclusive ao fato do partido dele estar no poder h\u00e1 quase 12 anos. Rui, por [&hellip;]<\/p>\n","protected":false},"author":2,"featured_media":74394,"comment_status":"open","ping_status":"open","sticky":false,"template":"","format":"standard","meta":{"footnotes":"","_links_to":"","_links_to_target":""},"categories":[1],"tags":[],"class_list":["post-74393","post","type-post","status-publish","format-standard","has-post-thumbnail","hentry","category-geral"],"views":3951,"_links":{"self":[{"href":"https:\/\/www.sudoestehoje.com.br\/novoportal\/wp-json\/wp\/v2\/posts\/74393","targetHints":{"allow":["GET"]}}],"collection":[{"href":"https:\/\/www.sudoestehoje.com.br\/novoportal\/wp-json\/wp\/v2\/posts"}],"about":[{"href":"https:\/\/www.sudoestehoje.com.br\/novoportal\/wp-json\/wp\/v2\/types\/post"}],"author":[{"embeddable":true,"href":"https:\/\/www.sudoestehoje.com.br\/novoportal\/wp-json\/wp\/v2\/users\/2"}],"replies":[{"embeddable":true,"href":"https:\/\/www.sudoestehoje.com.br\/novoportal\/wp-json\/wp\/v2\/comments?post=74393"}],"version-history":[{"count":2,"href":"https:\/\/www.sudoestehoje.com.br\/novoportal\/wp-json\/wp\/v2\/posts\/74393\/revisions"}],"predecessor-version":[{"id":74397,"href":"https:\/\/www.sudoestehoje.com.br\/novoportal\/wp-json\/wp\/v2\/posts\/74393\/revisions\/74397"}],"wp:featuredmedia":[{"embeddable":true,"href":"https:\/\/www.sudoestehoje.com.br\/novoportal\/wp-json\/wp\/v2\/media\/74394"}],"wp:attachment":[{"href":"https:\/\/www.sudoestehoje.com.br\/novoportal\/wp-json\/wp\/v2\/media?parent=74393"}],"wp:term":[{"taxonomy":"category","embeddable":true,"href":"https:\/\/www.sudoestehoje.com.br\/novoportal\/wp-json\/wp\/v2\/categories?post=74393"},{"taxonomy":"post_tag","embeddable":true,"href":"https:\/\/www.sudoestehoje.com.br\/novoportal\/wp-json\/wp\/v2\/tags?post=74393"}],"curies":[{"name":"wp","href":"https:\/\/api.w.org\/{rel}","templated":true}]}}