
{"id":74380,"date":"2018-08-16T19:20:57","date_gmt":"2018-08-16T22:20:57","guid":{"rendered":"http:\/\/www.sudoestehoje.com.br\/novoportal\/?p=74380"},"modified":"2018-08-16T19:48:45","modified_gmt":"2018-08-16T22:48:45","slug":"74380","status":"publish","type":"post","link":"https:\/\/www.sudoestehoje.com.br\/novoportal\/2018\/08\/16\/74380\/","title":{"rendered":"VACINA\u00c7\u00c3O CONTRA O SARAMPO E POLIOMIELITE"},"content":{"rendered":"<p><a href=\"http:\/\/www.sudoestehoje.com.br\/novoportal\/wp-content\/uploads\/2018\/08\/vacina.png\"><img loading=\"lazy\" decoding=\"async\" class=\"aligncenter size-medium wp-image-74382\" src=\"http:\/\/www.sudoestehoje.com.br\/novoportal\/wp-content\/uploads\/2018\/08\/vacina-500x500.png\" alt=\"\" width=\"500\" height=\"500\" srcset=\"https:\/\/www.sudoestehoje.com.br\/novoportal\/wp-content\/uploads\/2018\/08\/vacina-500x500.png 500w, https:\/\/www.sudoestehoje.com.br\/novoportal\/wp-content\/uploads\/2018\/08\/vacina-150x150.png 150w, https:\/\/www.sudoestehoje.com.br\/novoportal\/wp-content\/uploads\/2018\/08\/vacina-768x768.png 768w, https:\/\/www.sudoestehoje.com.br\/novoportal\/wp-content\/uploads\/2018\/08\/vacina-700x700.png 700w, https:\/\/www.sudoestehoje.com.br\/novoportal\/wp-content\/uploads\/2018\/08\/vacina.png 960w\" sizes=\"auto, (max-width: 500px) 100vw, 500px\" \/><\/a><\/p>\n<p>A secretaria de sa\u00fade em parceria com o Minist\u00e9rio da Sa\u00fade e Rotary Clube realiza campanha de vacina\u00e7\u00e3o contra sarampo e poliomielite.<\/p>\n<p>Neste S\u00e1bado, 18, ser\u00e1 o grande dia D de mobiliza\u00e7\u00e3o. Todos os postos estar\u00e3o abertos e o posto itinerante funcionar\u00e1 nos residenciais Neto Fernandes e cassiano Gon\u00e7alves.<\/p>\n<p>Aten\u00e7\u00e3o pais e respons\u00e1veis: devem se vacinar todas as crian\u00e7as de 1 a 4 anos de idade. Leve sua caderneta de vacina\u00e7\u00e3o e participe dessa campanha. Prefeitura de Itapetinga levando sa\u00fade para sua popula\u00e7\u00e3o!<\/p>\n","protected":false},"excerpt":{"rendered":"<p>A secretaria de sa\u00fade em parceria com o Minist\u00e9rio da Sa\u00fade e Rotary Clube realiza campanha de vacina\u00e7\u00e3o contra sarampo e poliomielite. Neste S\u00e1bado, 18, ser\u00e1 o grande dia D de mobiliza\u00e7\u00e3o. Todos os postos estar\u00e3o abertos e o posto itinerante funcionar\u00e1 nos residenciais Neto Fernandes e cassiano Gon\u00e7alves. Aten\u00e7\u00e3o pais e respons\u00e1veis: devem se [&hellip;]<\/p>\n","protected":false},"author":2,"featured_media":74382,"comment_status":"open","ping_status":"open","sticky":false,"template":"","format":"standard","meta":{"footnotes":"","_links_to":"","_links_to_target":""},"categories":[1],"tags":[],"class_list":["post-74380","post","type-post","status-publish","format-standard","has-post-thumbnail","hentry","category-geral"],"views":1163,"_links":{"self":[{"href":"https:\/\/www.sudoestehoje.com.br\/novoportal\/wp-json\/wp\/v2\/posts\/74380","targetHints":{"allow":["GET"]}}],"collection":[{"href":"https:\/\/www.sudoestehoje.com.br\/novoportal\/wp-json\/wp\/v2\/posts"}],"about":[{"href":"https:\/\/www.sudoestehoje.com.br\/novoportal\/wp-json\/wp\/v2\/types\/post"}],"author":[{"embeddable":true,"href":"https:\/\/www.sudoestehoje.com.br\/novoportal\/wp-json\/wp\/v2\/users\/2"}],"replies":[{"embeddable":true,"href":"https:\/\/www.sudoestehoje.com.br\/novoportal\/wp-json\/wp\/v2\/comments?post=74380"}],"version-history":[{"count":3,"href":"https:\/\/www.sudoestehoje.com.br\/novoportal\/wp-json\/wp\/v2\/posts\/74380\/revisions"}],"predecessor-version":[{"id":74385,"href":"https:\/\/www.sudoestehoje.com.br\/novoportal\/wp-json\/wp\/v2\/posts\/74380\/revisions\/74385"}],"wp:featuredmedia":[{"embeddable":true,"href":"https:\/\/www.sudoestehoje.com.br\/novoportal\/wp-json\/wp\/v2\/media\/74382"}],"wp:attachment":[{"href":"https:\/\/www.sudoestehoje.com.br\/novoportal\/wp-json\/wp\/v2\/media?parent=74380"}],"wp:term":[{"taxonomy":"category","embeddable":true,"href":"https:\/\/www.sudoestehoje.com.br\/novoportal\/wp-json\/wp\/v2\/categories?post=74380"},{"taxonomy":"post_tag","embeddable":true,"href":"https:\/\/www.sudoestehoje.com.br\/novoportal\/wp-json\/wp\/v2\/tags?post=74380"}],"curies":[{"name":"wp","href":"https:\/\/api.w.org\/{rel}","templated":true}]}}