
{"id":74366,"date":"2018-08-16T00:07:02","date_gmt":"2018-08-16T03:07:02","guid":{"rendered":"http:\/\/www.sudoestehoje.com.br\/novoportal\/?p=74366"},"modified":"2018-08-16T00:55:15","modified_gmt":"2018-08-16T03:55:15","slug":"procuradora-eleitoral-contesta-no-tse-candidatura-de-lula-a-presidencia","status":"publish","type":"post","link":"https:\/\/www.sudoestehoje.com.br\/novoportal\/2018\/08\/16\/procuradora-eleitoral-contesta-no-tse-candidatura-de-lula-a-presidencia\/","title":{"rendered":"PROCURADORA ELEITORAL CONTESTA NO TSE CANDIDATURA DE LULA \u00c0 PRESID\u00caNCIA"},"content":{"rendered":"<p><a href=\"http:\/\/www.sudoestehoje.com.br\/novoportal\/wp-content\/uploads\/2018\/08\/DODGE-E-LULA.png\"><img loading=\"lazy\" decoding=\"async\" class=\"aligncenter size-medium wp-image-74371\" src=\"http:\/\/www.sudoestehoje.com.br\/novoportal\/wp-content\/uploads\/2018\/08\/DODGE-E-LULA-500x261.png\" alt=\"\" width=\"500\" height=\"261\" srcset=\"https:\/\/www.sudoestehoje.com.br\/novoportal\/wp-content\/uploads\/2018\/08\/DODGE-E-LULA-500x261.png 500w, https:\/\/www.sudoestehoje.com.br\/novoportal\/wp-content\/uploads\/2018\/08\/DODGE-E-LULA-768x402.png 768w, https:\/\/www.sudoestehoje.com.br\/novoportal\/wp-content\/uploads\/2018\/08\/DODGE-E-LULA-700x366.png 700w, https:\/\/www.sudoestehoje.com.br\/novoportal\/wp-content\/uploads\/2018\/08\/DODGE-E-LULA.png 1140w\" sizes=\"auto, (max-width: 500px) 100vw, 500px\" \/><\/a><\/p>\n<p>A procuradora-geral da Rep\u00fablica e procuradora-geral eleitoral, Raquel Dodge, contestou na noite desta quarta-feira o pedido do registro de candidatura do ex-presidente Lula.\u00a0Segundo ela, o condenado e preso em Curitiba deve ser barrado pela Lei da Ficha Limpa.<\/p>\n<p>O pedido foi encaminhado ao relator do registro de candidatura no Tribunal Superior Eleitoral (TSE), o ministro Lu\u00eds Roberto Barroso.<\/p>\n<p>&#8220;No caso em exame, o in\u00edcio de cumprimento da pena \u00e9 recente e n\u00e3o se exauriu. Por isso, o prazo de inelegibilidade por oito anos ap\u00f3s o cumprimento da pena ainda n\u00e3o come\u00e7ou a fluir&#8221;, disse Dodge.<\/p>\n","protected":false},"excerpt":{"rendered":"<p>A procuradora-geral da Rep\u00fablica e procuradora-geral eleitoral, Raquel Dodge, contestou na noite desta quarta-feira o pedido do registro de candidatura do ex-presidente Lula.\u00a0Segundo ela, o condenado e preso em Curitiba deve ser barrado pela Lei da Ficha Limpa. O pedido foi encaminhado ao relator do registro de candidatura no Tribunal Superior Eleitoral (TSE), o ministro [&hellip;]<\/p>\n","protected":false},"author":2,"featured_media":74371,"comment_status":"open","ping_status":"open","sticky":false,"template":"","format":"standard","meta":{"footnotes":"","_links_to":"","_links_to_target":""},"categories":[1],"tags":[],"class_list":["post-74366","post","type-post","status-publish","format-standard","has-post-thumbnail","hentry","category-geral"],"views":1037,"_links":{"self":[{"href":"https:\/\/www.sudoestehoje.com.br\/novoportal\/wp-json\/wp\/v2\/posts\/74366","targetHints":{"allow":["GET"]}}],"collection":[{"href":"https:\/\/www.sudoestehoje.com.br\/novoportal\/wp-json\/wp\/v2\/posts"}],"about":[{"href":"https:\/\/www.sudoestehoje.com.br\/novoportal\/wp-json\/wp\/v2\/types\/post"}],"author":[{"embeddable":true,"href":"https:\/\/www.sudoestehoje.com.br\/novoportal\/wp-json\/wp\/v2\/users\/2"}],"replies":[{"embeddable":true,"href":"https:\/\/www.sudoestehoje.com.br\/novoportal\/wp-json\/wp\/v2\/comments?post=74366"}],"version-history":[{"count":3,"href":"https:\/\/www.sudoestehoje.com.br\/novoportal\/wp-json\/wp\/v2\/posts\/74366\/revisions"}],"predecessor-version":[{"id":74372,"href":"https:\/\/www.sudoestehoje.com.br\/novoportal\/wp-json\/wp\/v2\/posts\/74366\/revisions\/74372"}],"wp:featuredmedia":[{"embeddable":true,"href":"https:\/\/www.sudoestehoje.com.br\/novoportal\/wp-json\/wp\/v2\/media\/74371"}],"wp:attachment":[{"href":"https:\/\/www.sudoestehoje.com.br\/novoportal\/wp-json\/wp\/v2\/media?parent=74366"}],"wp:term":[{"taxonomy":"category","embeddable":true,"href":"https:\/\/www.sudoestehoje.com.br\/novoportal\/wp-json\/wp\/v2\/categories?post=74366"},{"taxonomy":"post_tag","embeddable":true,"href":"https:\/\/www.sudoestehoje.com.br\/novoportal\/wp-json\/wp\/v2\/tags?post=74366"}],"curies":[{"name":"wp","href":"https:\/\/api.w.org\/{rel}","templated":true}]}}