
{"id":74362,"date":"2018-08-15T18:21:05","date_gmt":"2018-08-15T21:21:05","guid":{"rendered":"http:\/\/www.sudoestehoje.com.br\/novoportal\/?p=74362"},"modified":"2018-08-15T18:21:05","modified_gmt":"2018-08-15T21:21:05","slug":"parana-pesquisas-bolsonaro-amplia-vantagem-em-cenario-sem-lula","status":"publish","type":"post","link":"https:\/\/www.sudoestehoje.com.br\/novoportal\/2018\/08\/15\/parana-pesquisas-bolsonaro-amplia-vantagem-em-cenario-sem-lula\/","title":{"rendered":"PARAN\u00c1 PESQUISAS: BOLSONARO AMPLIA VANTAGEM EM CEN\u00c1RIO SEM LULA"},"content":{"rendered":"<p><a href=\"http:\/\/www.sudoestehoje.com.br\/novoportal\/wp-content\/uploads\/2018\/08\/BOLS.jpg\"><img loading=\"lazy\" decoding=\"async\" class=\"aligncenter size-medium wp-image-74364\" src=\"http:\/\/www.sudoestehoje.com.br\/novoportal\/wp-content\/uploads\/2018\/08\/BOLS-500x333.jpg\" alt=\"\" width=\"500\" height=\"333\" srcset=\"https:\/\/www.sudoestehoje.com.br\/novoportal\/wp-content\/uploads\/2018\/08\/BOLS-500x333.jpg 500w, https:\/\/www.sudoestehoje.com.br\/novoportal\/wp-content\/uploads\/2018\/08\/BOLS-768x512.jpg 768w, https:\/\/www.sudoestehoje.com.br\/novoportal\/wp-content\/uploads\/2018\/08\/BOLS-700x467.jpg 700w, https:\/\/www.sudoestehoje.com.br\/novoportal\/wp-content\/uploads\/2018\/08\/BOLS.jpg 1380w\" sizes=\"auto, (max-width: 500px) 100vw, 500px\" \/><\/a><\/p>\n<p>O novo levantamento do Paran\u00e1 Pesquisas, divulgado nesta quarta-feira (15), mostra o deputado federal Jair Bolsonaro (PSL) na lideran\u00e7a da corrida presidencial, com 23,9% das inten\u00e7\u00f5es de voto em um cen\u00e1rio sem o ex-presidente Luiz In\u00e1cio Lula da Silva na disputa. A outra vaga no segundo turno \u00e9 disputada por Marina Silva (Rede) (13,2%), Ciro Gomes (PDT) (10,2%) e Geraldo Alckmin (PSDB) (8,5%) \u2013 empatados na margem de erro.<\/p>\n<p>Em um cen\u00e1rio com Lula na disputa, o petista lidera com 30,8% das inten\u00e7\u00f5es de voto, seguido por Bolsonaro, com 22%.<\/p>\n<p>A pesquisa foi realizada entre os dias 9 e 13 de agosto de 2018, com 2.002 eleitores de todo o Brasil. A margem de erro \u00e9 de 2 pontos percentuais para mais ou para menos e o n\u00edvel de confian\u00e7a \u00e9 de 95%. A pesquisa est\u00e1 registrada no TSE sob o n.\u00ba BR-02891\/2018 para o cargo de presidente.<\/p>\n","protected":false},"excerpt":{"rendered":"<p>O novo levantamento do Paran\u00e1 Pesquisas, divulgado nesta quarta-feira (15), mostra o deputado federal Jair Bolsonaro (PSL) na lideran\u00e7a da corrida presidencial, com 23,9% das inten\u00e7\u00f5es de voto em um cen\u00e1rio sem o ex-presidente Luiz In\u00e1cio Lula da Silva na disputa. A outra vaga no segundo turno \u00e9 disputada por Marina Silva (Rede) (13,2%), Ciro [&hellip;]<\/p>\n","protected":false},"author":2,"featured_media":74364,"comment_status":"open","ping_status":"open","sticky":false,"template":"","format":"standard","meta":{"footnotes":"","_links_to":"","_links_to_target":""},"categories":[1],"tags":[],"class_list":["post-74362","post","type-post","status-publish","format-standard","has-post-thumbnail","hentry","category-geral"],"views":1506,"_links":{"self":[{"href":"https:\/\/www.sudoestehoje.com.br\/novoportal\/wp-json\/wp\/v2\/posts\/74362","targetHints":{"allow":["GET"]}}],"collection":[{"href":"https:\/\/www.sudoestehoje.com.br\/novoportal\/wp-json\/wp\/v2\/posts"}],"about":[{"href":"https:\/\/www.sudoestehoje.com.br\/novoportal\/wp-json\/wp\/v2\/types\/post"}],"author":[{"embeddable":true,"href":"https:\/\/www.sudoestehoje.com.br\/novoportal\/wp-json\/wp\/v2\/users\/2"}],"replies":[{"embeddable":true,"href":"https:\/\/www.sudoestehoje.com.br\/novoportal\/wp-json\/wp\/v2\/comments?post=74362"}],"version-history":[{"count":2,"href":"https:\/\/www.sudoestehoje.com.br\/novoportal\/wp-json\/wp\/v2\/posts\/74362\/revisions"}],"predecessor-version":[{"id":74365,"href":"https:\/\/www.sudoestehoje.com.br\/novoportal\/wp-json\/wp\/v2\/posts\/74362\/revisions\/74365"}],"wp:featuredmedia":[{"embeddable":true,"href":"https:\/\/www.sudoestehoje.com.br\/novoportal\/wp-json\/wp\/v2\/media\/74364"}],"wp:attachment":[{"href":"https:\/\/www.sudoestehoje.com.br\/novoportal\/wp-json\/wp\/v2\/media?parent=74362"}],"wp:term":[{"taxonomy":"category","embeddable":true,"href":"https:\/\/www.sudoestehoje.com.br\/novoportal\/wp-json\/wp\/v2\/categories?post=74362"},{"taxonomy":"post_tag","embeddable":true,"href":"https:\/\/www.sudoestehoje.com.br\/novoportal\/wp-json\/wp\/v2\/tags?post=74362"}],"curies":[{"name":"wp","href":"https:\/\/api.w.org\/{rel}","templated":true}]}}