
{"id":74352,"date":"2018-08-15T00:11:19","date_gmt":"2018-08-15T03:11:19","guid":{"rendered":"http:\/\/www.sudoestehoje.com.br\/novoportal\/?p=74352"},"modified":"2018-08-15T00:11:19","modified_gmt":"2018-08-15T03:11:19","slug":"eleicoes-desistencia-de-joao-gualberto-fortalece-candidatura-de-imbassahy","status":"publish","type":"post","link":"https:\/\/www.sudoestehoje.com.br\/novoportal\/2018\/08\/15\/eleicoes-desistencia-de-joao-gualberto-fortalece-candidatura-de-imbassahy\/","title":{"rendered":"ELEI\u00c7\u00d5ES: DESIST\u00caNCIA DE JO\u00c3O GUALBERTO FORTALECE CANDIDATURA DE IMBASSAHY"},"content":{"rendered":"<p><a href=\"http:\/\/www.sudoestehoje.com.br\/novoportal\/wp-content\/uploads\/2018\/08\/psdb-elei\u00e7\u00f5es-2014.jpg\"><img loading=\"lazy\" decoding=\"async\" class=\"aligncenter  wp-image-74354\" src=\"http:\/\/www.sudoestehoje.com.br\/novoportal\/wp-content\/uploads\/2018\/08\/psdb-elei\u00e7\u00f5es-2014.jpg\" alt=\"\" width=\"501\" height=\"307\" \/><\/a><\/p>\n<p>Segundo avalia\u00e7\u00e3o da imprensa e pol\u00edticos baianos, a desist\u00eancia do deputado federal Jo\u00e3o Gualberto em concorrer \u00e0 reelei\u00e7\u00e3o, pode fortalecer a candidatura do ex-ministro Ant\u00f4nio Imbassahy (PSDB), que tamb\u00e9m concorre \u00e0 elei\u00e7\u00e3o de deputado federal e deve se reeleger com folga.<\/p>\n<p>Imbassahy tem um dos melhores curr\u00edculos pol\u00edticos do pa\u00eds, tendo exercido in\u00fameros cargos executivos, como presidente da Eletrobras, prefeito de Salvador e Ministro Chefe da Secretaria da Presid\u00eancia da Rep\u00fablica.<\/p>\n<p>Quando foi prefeito da capital baiana, Imbassahy foi considerado &#8216;Melhor Prefeito das Capitais Brasileiras&#8217;, atrav\u00e9s de pesquisa nacional realizada pela Revista Veja.<\/p>\n<p>Nestas elei\u00e7\u00f5es, Imbassahy faz &#8216;dobradinha&#8217; com o ex-presidente da C\u00e2mara de Vereadores de Salvador, Paulo C\u00e2mara, um dos melhores quadros pol\u00edticos da Bahia.<\/p>\n<p>Atrav\u00e9s da forte atua\u00e7\u00e3o de Imbassahy e Paulo C\u00e2mara, o munic\u00edpio de Itapetinga foi contemplado com verbas em torno de R$ 3 milh\u00f5es, para aplica\u00e7\u00e3o nas \u00e1reas de sa\u00fade e agricultura.<\/p>\n<p><strong><em>Por Davi Ferraz\u00a0<\/em><\/strong><\/p>\n","protected":false},"excerpt":{"rendered":"<p>Segundo avalia\u00e7\u00e3o da imprensa e pol\u00edticos baianos, a desist\u00eancia do deputado federal Jo\u00e3o Gualberto em concorrer \u00e0 reelei\u00e7\u00e3o, pode fortalecer a candidatura do ex-ministro Ant\u00f4nio Imbassahy (PSDB), que tamb\u00e9m concorre \u00e0 elei\u00e7\u00e3o de deputado federal e deve se reeleger com folga. Imbassahy tem um dos melhores curr\u00edculos pol\u00edticos do pa\u00eds, tendo exercido in\u00fameros cargos executivos, [&hellip;]<\/p>\n","protected":false},"author":2,"featured_media":74354,"comment_status":"open","ping_status":"open","sticky":false,"template":"","format":"standard","meta":{"footnotes":"","_links_to":"","_links_to_target":""},"categories":[1],"tags":[],"class_list":["post-74352","post","type-post","status-publish","format-standard","has-post-thumbnail","hentry","category-geral"],"views":1264,"_links":{"self":[{"href":"https:\/\/www.sudoestehoje.com.br\/novoportal\/wp-json\/wp\/v2\/posts\/74352","targetHints":{"allow":["GET"]}}],"collection":[{"href":"https:\/\/www.sudoestehoje.com.br\/novoportal\/wp-json\/wp\/v2\/posts"}],"about":[{"href":"https:\/\/www.sudoestehoje.com.br\/novoportal\/wp-json\/wp\/v2\/types\/post"}],"author":[{"embeddable":true,"href":"https:\/\/www.sudoestehoje.com.br\/novoportal\/wp-json\/wp\/v2\/users\/2"}],"replies":[{"embeddable":true,"href":"https:\/\/www.sudoestehoje.com.br\/novoportal\/wp-json\/wp\/v2\/comments?post=74352"}],"version-history":[{"count":2,"href":"https:\/\/www.sudoestehoje.com.br\/novoportal\/wp-json\/wp\/v2\/posts\/74352\/revisions"}],"predecessor-version":[{"id":74355,"href":"https:\/\/www.sudoestehoje.com.br\/novoportal\/wp-json\/wp\/v2\/posts\/74352\/revisions\/74355"}],"wp:featuredmedia":[{"embeddable":true,"href":"https:\/\/www.sudoestehoje.com.br\/novoportal\/wp-json\/wp\/v2\/media\/74354"}],"wp:attachment":[{"href":"https:\/\/www.sudoestehoje.com.br\/novoportal\/wp-json\/wp\/v2\/media?parent=74352"}],"wp:term":[{"taxonomy":"category","embeddable":true,"href":"https:\/\/www.sudoestehoje.com.br\/novoportal\/wp-json\/wp\/v2\/categories?post=74352"},{"taxonomy":"post_tag","embeddable":true,"href":"https:\/\/www.sudoestehoje.com.br\/novoportal\/wp-json\/wp\/v2\/tags?post=74352"}],"curies":[{"name":"wp","href":"https:\/\/api.w.org\/{rel}","templated":true}]}}