
{"id":74346,"date":"2018-08-14T23:03:22","date_gmt":"2018-08-15T02:03:22","guid":{"rendered":"http:\/\/www.sudoestehoje.com.br\/novoportal\/?p=74346"},"modified":"2018-08-15T18:00:14","modified_gmt":"2018-08-15T21:00:14","slug":"itapetinga-acusado-de-matar-leo-gordo-vai-a-juri-popular-nesta-quarta","status":"publish","type":"post","link":"https:\/\/www.sudoestehoje.com.br\/novoportal\/2018\/08\/14\/itapetinga-acusado-de-matar-leo-gordo-vai-a-juri-popular-nesta-quarta\/","title":{"rendered":"ITAPETINGA: ACUSADO DE MATAR &#8216;L\u00c9O GORDO&#8217; VAI A JURI POPULAR NESTA QUARTA"},"content":{"rendered":"<p>&nbsp;<\/p>\n<div id=\"attachment_74347\" style=\"width: 510px\" class=\"wp-caption aligncenter\"><a href=\"http:\/\/www.sudoestehoje.com.br\/novoportal\/wp-content\/uploads\/2018\/08\/l\u00e9o.jpg\"><img loading=\"lazy\" decoding=\"async\" aria-describedby=\"caption-attachment-74347\" class=\"size-medium wp-image-74347\" src=\"http:\/\/www.sudoestehoje.com.br\/novoportal\/wp-content\/uploads\/2018\/08\/l\u00e9o-500x375.jpg\" alt=\"\" width=\"500\" height=\"375\" srcset=\"https:\/\/www.sudoestehoje.com.br\/novoportal\/wp-content\/uploads\/2018\/08\/l\u00e9o-500x375.jpg 500w, https:\/\/www.sudoestehoje.com.br\/novoportal\/wp-content\/uploads\/2018\/08\/l\u00e9o.jpg 672w\" sizes=\"auto, (max-width: 500px) 100vw, 500px\" \/><\/a><p id=\"caption-attachment-74347\" class=\"wp-caption-text\"><strong><em>L\u00c9O GORDO FOI ASSASSINADO COM DOIS TIROS DENTRO DO SEU CARRO<\/em><\/strong><\/p><\/div>\n<p>Segundo publica\u00e7\u00e3o do blog\u00a0<em>Itapetinga na M\u00eddia,\u00a0 <\/em>ser\u00e1 realizados nesta quarta- feira (15)\u00a0o julgamento de Lucas Jos\u00e9 Lacerda Santana, 26 anos, acusado de assassinar com dois tiros o empres\u00e1rio Leandro Ferreira Barros (L\u00e9o Gordo), de 29 anos, na noite do dia 24 de julho de 2011, em uma estrada vicinal em Itapetinga.<\/p>\n<p>Lucas responde ao processo em liberdade, desde janeiro de 2012, ap\u00f3s ficar preso por cerca de seis meses, sendo solto atrav\u00e9s de Habeas Corpus concedido peo Tribunal de Justi\u00e7a da Bahia.<\/p>\n<p>O j\u00fari popular foi adiado por tr\u00eas vezes por motivos justificados, mas de acordo com o Juiz Criminal da Comarca de Itapetinga o julgamento acontecer\u00e1 nesta nesta quarta-feira, a partir das 8h, no Sal\u00e3o do J\u00fari do f\u00f3rum local.<\/p>\n<div id=\"attachment_74348\" style=\"width: 510px\" class=\"wp-caption aligncenter\"><a href=\"http:\/\/www.sudoestehoje.com.br\/novoportal\/wp-content\/uploads\/2018\/08\/LUCAS-HOMICIDA.jpg\"><img loading=\"lazy\" decoding=\"async\" aria-describedby=\"caption-attachment-74348\" class=\" wp-image-74348\" src=\"http:\/\/www.sudoestehoje.com.br\/novoportal\/wp-content\/uploads\/2018\/08\/LUCAS-HOMICIDA.jpg\" alt=\"\" width=\"500\" height=\"542\" \/><\/a><p id=\"caption-attachment-74348\" class=\"wp-caption-text\"><strong><em>LUCAS CONFESSOU O CRIME E ALEGOU QUE AGIU EM &#8216;LEG\u00cdTIMA DEFESA&#8217;<\/em><\/strong><\/p><\/div>\n<p>O crime aconteceu, na estrada vicinal conhecida como &#8220;estrada de dona Nan\u00e1&#8221;, pr\u00f3xima ao Parque de Exposi\u00e7\u00f5es e o aeroporto de Itapetinga, quando o\u00a0corpo de Leandro Barros foi encontrado no interior do seu ve\u00edculo, com duas perfura\u00e7\u00f5es de arma de fogo, inclusive na cabe\u00e7a.<\/p>\n<p>O acusado confessou o assassinato, mas alegou leg\u00edtima defesa.<\/p>\n<p><strong><em>Reda\u00e7\u00e3o<\/em><\/strong><\/p>\n","protected":false},"excerpt":{"rendered":"<p>&nbsp; Segundo publica\u00e7\u00e3o do blog\u00a0Itapetinga na M\u00eddia,\u00a0 ser\u00e1 realizados nesta quarta- feira (15)\u00a0o julgamento de Lucas Jos\u00e9 Lacerda Santana, 26 anos, acusado de assassinar com dois tiros o empres\u00e1rio Leandro Ferreira Barros (L\u00e9o Gordo), de 29 anos, na noite do dia 24 de julho de 2011, em uma estrada vicinal em Itapetinga. Lucas responde ao [&hellip;]<\/p>\n","protected":false},"author":2,"featured_media":74347,"comment_status":"open","ping_status":"open","sticky":false,"template":"","format":"standard","meta":{"footnotes":"","_links_to":"","_links_to_target":""},"categories":[1],"tags":[],"class_list":["post-74346","post","type-post","status-publish","format-standard","has-post-thumbnail","hentry","category-geral"],"views":1655,"_links":{"self":[{"href":"https:\/\/www.sudoestehoje.com.br\/novoportal\/wp-json\/wp\/v2\/posts\/74346","targetHints":{"allow":["GET"]}}],"collection":[{"href":"https:\/\/www.sudoestehoje.com.br\/novoportal\/wp-json\/wp\/v2\/posts"}],"about":[{"href":"https:\/\/www.sudoestehoje.com.br\/novoportal\/wp-json\/wp\/v2\/types\/post"}],"author":[{"embeddable":true,"href":"https:\/\/www.sudoestehoje.com.br\/novoportal\/wp-json\/wp\/v2\/users\/2"}],"replies":[{"embeddable":true,"href":"https:\/\/www.sudoestehoje.com.br\/novoportal\/wp-json\/wp\/v2\/comments?post=74346"}],"version-history":[{"count":4,"href":"https:\/\/www.sudoestehoje.com.br\/novoportal\/wp-json\/wp\/v2\/posts\/74346\/revisions"}],"predecessor-version":[{"id":74356,"href":"https:\/\/www.sudoestehoje.com.br\/novoportal\/wp-json\/wp\/v2\/posts\/74346\/revisions\/74356"}],"wp:featuredmedia":[{"embeddable":true,"href":"https:\/\/www.sudoestehoje.com.br\/novoportal\/wp-json\/wp\/v2\/media\/74347"}],"wp:attachment":[{"href":"https:\/\/www.sudoestehoje.com.br\/novoportal\/wp-json\/wp\/v2\/media?parent=74346"}],"wp:term":[{"taxonomy":"category","embeddable":true,"href":"https:\/\/www.sudoestehoje.com.br\/novoportal\/wp-json\/wp\/v2\/categories?post=74346"},{"taxonomy":"post_tag","embeddable":true,"href":"https:\/\/www.sudoestehoje.com.br\/novoportal\/wp-json\/wp\/v2\/tags?post=74346"}],"curies":[{"name":"wp","href":"https:\/\/api.w.org\/{rel}","templated":true}]}}