
{"id":74343,"date":"2018-08-14T21:46:45","date_gmt":"2018-08-15T00:46:45","guid":{"rendered":"http:\/\/www.sudoestehoje.com.br\/novoportal\/?p=74343"},"modified":"2018-08-14T21:46:45","modified_gmt":"2018-08-15T00:46:45","slug":"deputado-joao-gualberto-desiste-de-candidatura-e-deixa-a-vida-publica","status":"publish","type":"post","link":"https:\/\/www.sudoestehoje.com.br\/novoportal\/2018\/08\/14\/deputado-joao-gualberto-desiste-de-candidatura-e-deixa-a-vida-publica\/","title":{"rendered":"DEPUTADO JO\u00c3O GUALBERTO DESISTE DE CANDIDATURA E DEIXA A VIDA P\u00daBLICA"},"content":{"rendered":"<p><a href=\"http:\/\/www.sudoestehoje.com.br\/novoportal\/wp-content\/uploads\/2018\/08\/Jo\u00e3o-Gualberto.jpg\"><img loading=\"lazy\" decoding=\"async\" class=\"aligncenter size-medium wp-image-74344\" src=\"http:\/\/www.sudoestehoje.com.br\/novoportal\/wp-content\/uploads\/2018\/08\/Jo\u00e3o-Gualberto-500x331.jpg\" alt=\"\" width=\"500\" height=\"331\" srcset=\"https:\/\/www.sudoestehoje.com.br\/novoportal\/wp-content\/uploads\/2018\/08\/Jo\u00e3o-Gualberto-500x331.jpg 500w, https:\/\/www.sudoestehoje.com.br\/novoportal\/wp-content\/uploads\/2018\/08\/Jo\u00e3o-Gualberto-768x508.jpg 768w, https:\/\/www.sudoestehoje.com.br\/novoportal\/wp-content\/uploads\/2018\/08\/Jo\u00e3o-Gualberto-700x463.jpg 700w, https:\/\/www.sudoestehoje.com.br\/novoportal\/wp-content\/uploads\/2018\/08\/Jo\u00e3o-Gualberto.jpg 800w\" sizes=\"auto, (max-width: 500px) 100vw, 500px\" \/><\/a><\/p>\n<p>O deputado federal Jo\u00e3o Gualberto (PSDB) deixa a vida pol\u00edtica. Em conversa com o BNews, nesta ter\u00e7a-feira (14), o parlamentar contou que desistiu da candidatura e vai se dedicar \u00e0\u00a0carreira empresarial. \u201cH\u00e1 um ano venho pensando em tomar essa decis\u00e3o. Ir para Bras\u00edlia, ficar longe dos meus neg\u00f3cios e da minha fam\u00edlia me deixavam pensativo sobre isso\u201d, contou com exclusividade.<\/p>\n<p>&#8220;Adorei ser prefeito e depois de ser deputado percebi que minha vida \u00e9 no Executivo, mas n\u00e3o foi poss\u00edvel&#8221;, contou.<\/p>\n<p>Segundo o tucano, a decis\u00e3o n\u00e3o perpassa pela forma\u00e7\u00e3o da chapa proporcional, quando o PSDB vai sair sozinho.\u00a0Gualberto informou que seus votos devem ser direcionados ao ex-ministro Ant\u00f4nio Imbassay e Adolfo Viana.<\/p>\n<p>Nas \u00faltimas elei\u00e7\u00f5es, o ex-prefeito de Mata de S\u00e3o Jo\u00e3o obteve 117 mil votos.<\/p>\n<p>Questionado sobre assumir algum cargo em um poss\u00edvel governo federal de Geraldo Alckmin, Gualberto foi enf\u00e1tico: &#8220;N\u00e3o quero mais a vida pol\u00edtica. Nem se me oferecessem ser ministro eu ia querer&#8221;.<\/p>\n<p>O tucano chegou a registrar sua candidatura do TRE-BA.<\/p>\n","protected":false},"excerpt":{"rendered":"<p>O deputado federal Jo\u00e3o Gualberto (PSDB) deixa a vida pol\u00edtica. Em conversa com o BNews, nesta ter\u00e7a-feira (14), o parlamentar contou que desistiu da candidatura e vai se dedicar \u00e0\u00a0carreira empresarial. \u201cH\u00e1 um ano venho pensando em tomar essa decis\u00e3o. Ir para Bras\u00edlia, ficar longe dos meus neg\u00f3cios e da minha fam\u00edlia me deixavam pensativo [&hellip;]<\/p>\n","protected":false},"author":2,"featured_media":74344,"comment_status":"open","ping_status":"open","sticky":false,"template":"","format":"standard","meta":{"footnotes":"","_links_to":"","_links_to_target":""},"categories":[1],"tags":[],"class_list":["post-74343","post","type-post","status-publish","format-standard","has-post-thumbnail","hentry","category-geral"],"views":1088,"_links":{"self":[{"href":"https:\/\/www.sudoestehoje.com.br\/novoportal\/wp-json\/wp\/v2\/posts\/74343","targetHints":{"allow":["GET"]}}],"collection":[{"href":"https:\/\/www.sudoestehoje.com.br\/novoportal\/wp-json\/wp\/v2\/posts"}],"about":[{"href":"https:\/\/www.sudoestehoje.com.br\/novoportal\/wp-json\/wp\/v2\/types\/post"}],"author":[{"embeddable":true,"href":"https:\/\/www.sudoestehoje.com.br\/novoportal\/wp-json\/wp\/v2\/users\/2"}],"replies":[{"embeddable":true,"href":"https:\/\/www.sudoestehoje.com.br\/novoportal\/wp-json\/wp\/v2\/comments?post=74343"}],"version-history":[{"count":1,"href":"https:\/\/www.sudoestehoje.com.br\/novoportal\/wp-json\/wp\/v2\/posts\/74343\/revisions"}],"predecessor-version":[{"id":74345,"href":"https:\/\/www.sudoestehoje.com.br\/novoportal\/wp-json\/wp\/v2\/posts\/74343\/revisions\/74345"}],"wp:featuredmedia":[{"embeddable":true,"href":"https:\/\/www.sudoestehoje.com.br\/novoportal\/wp-json\/wp\/v2\/media\/74344"}],"wp:attachment":[{"href":"https:\/\/www.sudoestehoje.com.br\/novoportal\/wp-json\/wp\/v2\/media?parent=74343"}],"wp:term":[{"taxonomy":"category","embeddable":true,"href":"https:\/\/www.sudoestehoje.com.br\/novoportal\/wp-json\/wp\/v2\/categories?post=74343"},{"taxonomy":"post_tag","embeddable":true,"href":"https:\/\/www.sudoestehoje.com.br\/novoportal\/wp-json\/wp\/v2\/tags?post=74343"}],"curies":[{"name":"wp","href":"https:\/\/api.w.org\/{rel}","templated":true}]}}