
{"id":74338,"date":"2018-08-14T20:24:01","date_gmt":"2018-08-14T23:24:01","guid":{"rendered":"http:\/\/www.sudoestehoje.com.br\/novoportal\/?p=74338"},"modified":"2018-08-14T20:46:56","modified_gmt":"2018-08-14T23:46:56","slug":"tcm-aprova-retirada-dos-programas-federais-do-indice-de-pessoal","status":"publish","type":"post","link":"https:\/\/www.sudoestehoje.com.br\/novoportal\/2018\/08\/14\/tcm-aprova-retirada-dos-programas-federais-do-indice-de-pessoal\/","title":{"rendered":"TCM RETIRA PROGRAMAS FEDERAIS DO \u00cdNDICE DE PESSOAL DAS PREFEITURAS"},"content":{"rendered":"<p><a href=\"http:\/\/www.sudoestehoje.com.br\/novoportal\/wp-content\/uploads\/2018\/08\/Paralizacao-UPB-ALBA.jpg\"><img loading=\"lazy\" decoding=\"async\" class=\"aligncenter size-medium wp-image-74339\" src=\"http:\/\/www.sudoestehoje.com.br\/novoportal\/wp-content\/uploads\/2018\/08\/Paralizacao-UPB-ALBA-500x333.jpg\" alt=\"\" width=\"500\" height=\"333\" srcset=\"https:\/\/www.sudoestehoje.com.br\/novoportal\/wp-content\/uploads\/2018\/08\/Paralizacao-UPB-ALBA-500x333.jpg 500w, https:\/\/www.sudoestehoje.com.br\/novoportal\/wp-content\/uploads\/2018\/08\/Paralizacao-UPB-ALBA-768x512.jpg 768w, https:\/\/www.sudoestehoje.com.br\/novoportal\/wp-content\/uploads\/2018\/08\/Paralizacao-UPB-ALBA-700x466.jpg 700w, https:\/\/www.sudoestehoje.com.br\/novoportal\/wp-content\/uploads\/2018\/08\/Paralizacao-UPB-ALBA.jpg 800w\" sizes=\"auto, (max-width: 500px) 100vw, 500px\" \/><\/a><\/p>\n<p>N\u00e3o far\u00e3o mais parte do c\u00e1lculo do \u00cdndice de Gasto com Pessoal os valores pagos pelos munic\u00edpios a profissionais que executam programas do governo federal. A decis\u00e3o foi aprovada em sess\u00e3o do plen\u00e1rio do Tribunal de Contas dos Munic\u00edpios da Bahia (TCM\/BA), nesta ter\u00e7a-feira (14).<\/p>\n<p>A vota\u00e7\u00e3o foi provocada por uma consulta feita pela Uni\u00e3o dos Munic\u00edpios da Bahia (UPB). O \u00edndice fixa em 54% da receita corrente l\u00edquida das prefeituras o que pode ser despendido com a folha de pessoal, segundo a Lei de Responsabilidade Fiscal. Com a decis\u00e3o, profissionais que desenvolvem atividades direcionadas aos programas federais n\u00e3o ser\u00e3o computados neste c\u00e1lculo.<\/p>\n<p>Em outubro do ano passado a UPB arrastou uma multid\u00e3o de prefeitos e municipalistas na marcha pelas ruas do Centro Administrativo rumo \u00e0 Assembleia Legislativa, reivindicando a exclus\u00e3o dos gastos com terceirizados e empregados em programas federais, do \u00edndice de pessoal dos munic\u00edpios. \/\/Boc\u00e3o News<\/p>\n","protected":false},"excerpt":{"rendered":"<p>N\u00e3o far\u00e3o mais parte do c\u00e1lculo do \u00cdndice de Gasto com Pessoal os valores pagos pelos munic\u00edpios a profissionais que executam programas do governo federal. A decis\u00e3o foi aprovada em sess\u00e3o do plen\u00e1rio do Tribunal de Contas dos Munic\u00edpios da Bahia (TCM\/BA), nesta ter\u00e7a-feira (14). A vota\u00e7\u00e3o foi provocada por uma consulta feita pela Uni\u00e3o [&hellip;]<\/p>\n","protected":false},"author":2,"featured_media":74339,"comment_status":"open","ping_status":"open","sticky":false,"template":"","format":"standard","meta":{"footnotes":"","_links_to":"","_links_to_target":""},"categories":[1],"tags":[],"class_list":["post-74338","post","type-post","status-publish","format-standard","has-post-thumbnail","hentry","category-geral"],"views":1187,"_links":{"self":[{"href":"https:\/\/www.sudoestehoje.com.br\/novoportal\/wp-json\/wp\/v2\/posts\/74338","targetHints":{"allow":["GET"]}}],"collection":[{"href":"https:\/\/www.sudoestehoje.com.br\/novoportal\/wp-json\/wp\/v2\/posts"}],"about":[{"href":"https:\/\/www.sudoestehoje.com.br\/novoportal\/wp-json\/wp\/v2\/types\/post"}],"author":[{"embeddable":true,"href":"https:\/\/www.sudoestehoje.com.br\/novoportal\/wp-json\/wp\/v2\/users\/2"}],"replies":[{"embeddable":true,"href":"https:\/\/www.sudoestehoje.com.br\/novoportal\/wp-json\/wp\/v2\/comments?post=74338"}],"version-history":[{"count":3,"href":"https:\/\/www.sudoestehoje.com.br\/novoportal\/wp-json\/wp\/v2\/posts\/74338\/revisions"}],"predecessor-version":[{"id":74342,"href":"https:\/\/www.sudoestehoje.com.br\/novoportal\/wp-json\/wp\/v2\/posts\/74338\/revisions\/74342"}],"wp:featuredmedia":[{"embeddable":true,"href":"https:\/\/www.sudoestehoje.com.br\/novoportal\/wp-json\/wp\/v2\/media\/74339"}],"wp:attachment":[{"href":"https:\/\/www.sudoestehoje.com.br\/novoportal\/wp-json\/wp\/v2\/media?parent=74338"}],"wp:term":[{"taxonomy":"category","embeddable":true,"href":"https:\/\/www.sudoestehoje.com.br\/novoportal\/wp-json\/wp\/v2\/categories?post=74338"},{"taxonomy":"post_tag","embeddable":true,"href":"https:\/\/www.sudoestehoje.com.br\/novoportal\/wp-json\/wp\/v2\/tags?post=74338"}],"curies":[{"name":"wp","href":"https:\/\/api.w.org\/{rel}","templated":true}]}}