
{"id":74333,"date":"2018-08-14T11:50:51","date_gmt":"2018-08-14T14:50:51","guid":{"rendered":"http:\/\/www.sudoestehoje.com.br\/novoportal\/?p=74333"},"modified":"2018-08-14T11:51:16","modified_gmt":"2018-08-14T14:51:16","slug":"macarani-estadio-carlito-nova-e-reformado-para-o-intermunicipal-2018","status":"publish","type":"post","link":"https:\/\/www.sudoestehoje.com.br\/novoportal\/2018\/08\/14\/macarani-estadio-carlito-nova-e-reformado-para-o-intermunicipal-2018\/","title":{"rendered":"MACARANI: EST\u00c1DIO CARLITO NOVA \u00c9 REFORMADO PARA O INTERMUNICIPAL 2018"},"content":{"rendered":"<p style=\"font-weight: 400;\"><a href=\"http:\/\/www.sudoestehoje.com.br\/novoportal\/wp-content\/uploads\/2018\/08\/ESTADIO-MACARANI.jpg\"><img loading=\"lazy\" decoding=\"async\" class=\"aligncenter size-medium wp-image-74334\" src=\"http:\/\/www.sudoestehoje.com.br\/novoportal\/wp-content\/uploads\/2018\/08\/ESTADIO-MACARANI-500x375.jpg\" alt=\"\" width=\"500\" height=\"375\" srcset=\"https:\/\/www.sudoestehoje.com.br\/novoportal\/wp-content\/uploads\/2018\/08\/ESTADIO-MACARANI-500x375.jpg 500w, https:\/\/www.sudoestehoje.com.br\/novoportal\/wp-content\/uploads\/2018\/08\/ESTADIO-MACARANI-768x576.jpg 768w, https:\/\/www.sudoestehoje.com.br\/novoportal\/wp-content\/uploads\/2018\/08\/ESTADIO-MACARANI-700x525.jpg 700w, https:\/\/www.sudoestehoje.com.br\/novoportal\/wp-content\/uploads\/2018\/08\/ESTADIO-MACARANI.jpg 1024w\" sizes=\"auto, (max-width: 500px) 100vw, 500px\" \/><\/a><\/p>\n<p style=\"font-weight: 400;\">A prefeitura de Macarani, atrav\u00e9s da Secretaria Municipal de Esportes, concluiu a reforma do Est\u00e1dio Municipal Carlito Nova, depois de semanas de trabalho intenso para que o espa\u00e7o ficasse pronto antes do in\u00edcio do campeonato intermunicipal de futebol, que contar\u00e1 com a participa\u00e7\u00e3o da sele\u00e7\u00e3o local.<\/p>\n<p style=\"font-weight: 400;\">Muitas melhorias foram realizadas, a come\u00e7ar pela fachada da entrada, pintura das arquibancadas, alambrado e novos banheiros, dando uma apar\u00eancia mais agrad\u00e1vel.<\/p>\n<p>De acordo com o secret\u00e1rio de esportes, Vivaldo, o est\u00e1dio foi todo pintado, a grama foi recuperada e foram consertadas as partes el\u00e9tricas que estavam danificadas.<em> \u201cFizemos todo um trabalho bem feito para entregar o Carlito Nova de \u2018cara nova\u2019 aos nossos esportistas\u201d<\/em>.<\/p>\n<p style=\"font-weight: 400;\"><a href=\"http:\/\/www.sudoestehoje.com.br\/novoportal\/wp-content\/uploads\/2018\/08\/ESTADIO-MACARANI-1.jpg\"><img loading=\"lazy\" decoding=\"async\" class=\"aligncenter size-medium wp-image-74335\" src=\"http:\/\/www.sudoestehoje.com.br\/novoportal\/wp-content\/uploads\/2018\/08\/ESTADIO-MACARANI-1-500x375.jpg\" alt=\"\" width=\"500\" height=\"375\" srcset=\"https:\/\/www.sudoestehoje.com.br\/novoportal\/wp-content\/uploads\/2018\/08\/ESTADIO-MACARANI-1-500x375.jpg 500w, https:\/\/www.sudoestehoje.com.br\/novoportal\/wp-content\/uploads\/2018\/08\/ESTADIO-MACARANI-1-768x576.jpg 768w, https:\/\/www.sudoestehoje.com.br\/novoportal\/wp-content\/uploads\/2018\/08\/ESTADIO-MACARANI-1-700x525.jpg 700w, https:\/\/www.sudoestehoje.com.br\/novoportal\/wp-content\/uploads\/2018\/08\/ESTADIO-MACARANI-1.jpg 1024w\" sizes=\"auto, (max-width: 500px) 100vw, 500px\" \/><\/a><\/p>\n<p style=\"font-weight: 400;\"><em>\u201cApesar das dificuldades, a prefeitura investe e incentiva o esporte em v\u00e1rias modalidades, e para que aconte\u00e7a de forma satisfat\u00f3ria \u00e9 necess\u00e1rio ter um local com condi\u00e7\u00f5es de oferecer o melhor para os jovens praticantes desses esportes\u201d<\/em>, comentou o prefeito Miller Ferraz.<\/p>\n<p style=\"font-weight: 400;\">O Est\u00e1dio Carlito Nova sediar\u00e1 a 2\u00aa partida da sele\u00e7\u00e3o de Macarani, no pr\u00f3ximo domingo, contra a sele\u00e7\u00e3o de Pau Brasil. \/\/<em>Macarani Not\u00edcias<\/em><\/p>\n","protected":false},"excerpt":{"rendered":"<p>A prefeitura de Macarani, atrav\u00e9s da Secretaria Municipal de Esportes, concluiu a reforma do Est\u00e1dio Municipal Carlito Nova, depois de semanas de trabalho intenso para que o espa\u00e7o ficasse pronto antes do in\u00edcio do campeonato intermunicipal de futebol, que contar\u00e1 com a participa\u00e7\u00e3o da sele\u00e7\u00e3o local. Muitas melhorias foram realizadas, a come\u00e7ar pela fachada da [&hellip;]<\/p>\n","protected":false},"author":2,"featured_media":74334,"comment_status":"open","ping_status":"open","sticky":false,"template":"","format":"standard","meta":{"footnotes":"","_links_to":"","_links_to_target":""},"categories":[1],"tags":[],"class_list":["post-74333","post","type-post","status-publish","format-standard","has-post-thumbnail","hentry","category-geral"],"views":2514,"_links":{"self":[{"href":"https:\/\/www.sudoestehoje.com.br\/novoportal\/wp-json\/wp\/v2\/posts\/74333","targetHints":{"allow":["GET"]}}],"collection":[{"href":"https:\/\/www.sudoestehoje.com.br\/novoportal\/wp-json\/wp\/v2\/posts"}],"about":[{"href":"https:\/\/www.sudoestehoje.com.br\/novoportal\/wp-json\/wp\/v2\/types\/post"}],"author":[{"embeddable":true,"href":"https:\/\/www.sudoestehoje.com.br\/novoportal\/wp-json\/wp\/v2\/users\/2"}],"replies":[{"embeddable":true,"href":"https:\/\/www.sudoestehoje.com.br\/novoportal\/wp-json\/wp\/v2\/comments?post=74333"}],"version-history":[{"count":2,"href":"https:\/\/www.sudoestehoje.com.br\/novoportal\/wp-json\/wp\/v2\/posts\/74333\/revisions"}],"predecessor-version":[{"id":74337,"href":"https:\/\/www.sudoestehoje.com.br\/novoportal\/wp-json\/wp\/v2\/posts\/74333\/revisions\/74337"}],"wp:featuredmedia":[{"embeddable":true,"href":"https:\/\/www.sudoestehoje.com.br\/novoportal\/wp-json\/wp\/v2\/media\/74334"}],"wp:attachment":[{"href":"https:\/\/www.sudoestehoje.com.br\/novoportal\/wp-json\/wp\/v2\/media?parent=74333"}],"wp:term":[{"taxonomy":"category","embeddable":true,"href":"https:\/\/www.sudoestehoje.com.br\/novoportal\/wp-json\/wp\/v2\/categories?post=74333"},{"taxonomy":"post_tag","embeddable":true,"href":"https:\/\/www.sudoestehoje.com.br\/novoportal\/wp-json\/wp\/v2\/tags?post=74333"}],"curies":[{"name":"wp","href":"https:\/\/api.w.org\/{rel}","templated":true}]}}