
{"id":74330,"date":"2018-08-14T11:40:08","date_gmt":"2018-08-14T14:40:08","guid":{"rendered":"http:\/\/www.sudoestehoje.com.br\/novoportal\/?p=74330"},"modified":"2018-08-14T11:40:08","modified_gmt":"2018-08-14T14:40:08","slug":"itapetinga-carreta-com-bois-do-frigorifico-jbs-tomba-na-estrada-de-potiragua","status":"publish","type":"post","link":"https:\/\/www.sudoestehoje.com.br\/novoportal\/2018\/08\/14\/itapetinga-carreta-com-bois-do-frigorifico-jbs-tomba-na-estrada-de-potiragua\/","title":{"rendered":"ITAPETINGA: CARRETA COM BOIS DO FRIGOR\u00cdFICO JBS TOMBA NA ESTRADA DE POTIRAGU\u00c1"},"content":{"rendered":"<p><a href=\"http:\/\/www.sudoestehoje.com.br\/novoportal\/wp-content\/uploads\/2018\/08\/boi-1.jpeg\"><img loading=\"lazy\" decoding=\"async\" class=\"aligncenter wp-image-74331\" src=\"http:\/\/www.sudoestehoje.com.br\/novoportal\/wp-content\/uploads\/2018\/08\/boi-1-500x375.jpeg\" alt=\"\" width=\"503\" height=\"377\" srcset=\"https:\/\/www.sudoestehoje.com.br\/novoportal\/wp-content\/uploads\/2018\/08\/boi-1-500x375.jpeg 500w, https:\/\/www.sudoestehoje.com.br\/novoportal\/wp-content\/uploads\/2018\/08\/boi-1.jpeg 640w\" sizes=\"auto, (max-width: 503px) 100vw, 503px\" \/><\/a><\/p>\n<p>Uma carreta da JBS que transportava bois tombou no fim da noite dessa segunda-feira na BA-270, trecho da rodovia que liga os munic\u00edpios de Itapetinga e Potiragu\u00e1, no interior da Bahia.<\/p>\n<p>Segundo testemunhas, o acidente foi por volta das 23 horas, nas proximidades da fazenda Mois\u00e9s Ara\u00fajo, quando o motorista perdeu o controle da dire\u00e7\u00e3o \u00a0e acabou tombando o ve\u00edculo, \u00a0\u00e1s margens da pista.<\/p>\n<p>Ainda segundo as informa\u00e7\u00f5es, o motorista sofreu ferimentos leves. A carreta parou com os pneus para cima e alguns animais morreram por conta do acidente.<\/p>\n<p>A Pol\u00edcia Militar do munic\u00edpio e Pol\u00edcia Rodovi\u00e1ria Estadual (PRE) foram acionadas para registrar a ocorr\u00eancia do caso.\u00a0N\u00e3o h\u00e1 informa\u00e7\u00f5es do n\u00famero de animais mortos. \/\/<em>Itapetinga Rep\u00f3rter<\/em><\/p>\n","protected":false},"excerpt":{"rendered":"<p>Uma carreta da JBS que transportava bois tombou no fim da noite dessa segunda-feira na BA-270, trecho da rodovia que liga os munic\u00edpios de Itapetinga e Potiragu\u00e1, no interior da Bahia. Segundo testemunhas, o acidente foi por volta das 23 horas, nas proximidades da fazenda Mois\u00e9s Ara\u00fajo, quando o motorista perdeu o controle da dire\u00e7\u00e3o [&hellip;]<\/p>\n","protected":false},"author":2,"featured_media":74331,"comment_status":"open","ping_status":"open","sticky":false,"template":"","format":"standard","meta":{"footnotes":"","_links_to":"","_links_to_target":""},"categories":[1],"tags":[],"class_list":["post-74330","post","type-post","status-publish","format-standard","has-post-thumbnail","hentry","category-geral"],"views":1638,"_links":{"self":[{"href":"https:\/\/www.sudoestehoje.com.br\/novoportal\/wp-json\/wp\/v2\/posts\/74330","targetHints":{"allow":["GET"]}}],"collection":[{"href":"https:\/\/www.sudoestehoje.com.br\/novoportal\/wp-json\/wp\/v2\/posts"}],"about":[{"href":"https:\/\/www.sudoestehoje.com.br\/novoportal\/wp-json\/wp\/v2\/types\/post"}],"author":[{"embeddable":true,"href":"https:\/\/www.sudoestehoje.com.br\/novoportal\/wp-json\/wp\/v2\/users\/2"}],"replies":[{"embeddable":true,"href":"https:\/\/www.sudoestehoje.com.br\/novoportal\/wp-json\/wp\/v2\/comments?post=74330"}],"version-history":[{"count":1,"href":"https:\/\/www.sudoestehoje.com.br\/novoportal\/wp-json\/wp\/v2\/posts\/74330\/revisions"}],"predecessor-version":[{"id":74332,"href":"https:\/\/www.sudoestehoje.com.br\/novoportal\/wp-json\/wp\/v2\/posts\/74330\/revisions\/74332"}],"wp:featuredmedia":[{"embeddable":true,"href":"https:\/\/www.sudoestehoje.com.br\/novoportal\/wp-json\/wp\/v2\/media\/74331"}],"wp:attachment":[{"href":"https:\/\/www.sudoestehoje.com.br\/novoportal\/wp-json\/wp\/v2\/media?parent=74330"}],"wp:term":[{"taxonomy":"category","embeddable":true,"href":"https:\/\/www.sudoestehoje.com.br\/novoportal\/wp-json\/wp\/v2\/categories?post=74330"},{"taxonomy":"post_tag","embeddable":true,"href":"https:\/\/www.sudoestehoje.com.br\/novoportal\/wp-json\/wp\/v2\/tags?post=74330"}],"curies":[{"name":"wp","href":"https:\/\/api.w.org\/{rel}","templated":true}]}}