
{"id":74326,"date":"2018-08-14T10:29:41","date_gmt":"2018-08-14T13:29:41","guid":{"rendered":"http:\/\/www.sudoestehoje.com.br\/novoportal\/?p=74326"},"modified":"2018-08-14T10:29:41","modified_gmt":"2018-08-14T13:29:41","slug":"rosa-weber-assume-presidencia-do-ste","status":"publish","type":"post","link":"https:\/\/www.sudoestehoje.com.br\/novoportal\/2018\/08\/14\/rosa-weber-assume-presidencia-do-ste\/","title":{"rendered":"ROSA WEBER ASSUME PRESID\u00caNCIA DO STE"},"content":{"rendered":"<p><a href=\"http:\/\/www.sudoestehoje.com.br\/novoportal\/wp-content\/uploads\/2018\/08\/ROSA-WEBER.jpg\"><img loading=\"lazy\" decoding=\"async\" class=\"aligncenter size-medium wp-image-74328\" src=\"http:\/\/www.sudoestehoje.com.br\/novoportal\/wp-content\/uploads\/2018\/08\/ROSA-WEBER-500x289.jpg\" alt=\"\" width=\"500\" height=\"289\" srcset=\"https:\/\/www.sudoestehoje.com.br\/novoportal\/wp-content\/uploads\/2018\/08\/ROSA-WEBER-500x289.jpg 500w, https:\/\/www.sudoestehoje.com.br\/novoportal\/wp-content\/uploads\/2018\/08\/ROSA-WEBER-768x444.jpg 768w, https:\/\/www.sudoestehoje.com.br\/novoportal\/wp-content\/uploads\/2018\/08\/ROSA-WEBER-700x404.jpg 700w, https:\/\/www.sudoestehoje.com.br\/novoportal\/wp-content\/uploads\/2018\/08\/ROSA-WEBER.jpg 800w\" sizes=\"auto, (max-width: 500px) 100vw, 500px\" \/><\/a><\/p>\n<p>Rosa Weber toma posse nesta ter\u00e7a-feira, \u00e0s 20h, no cargo de presidente do Tribunal Superior Eleitoral (TSE), em sess\u00e3o solene no plen\u00e1rio da Corte. A ministra do Supremo Tribunal Federal (STF) ser\u00e1 a segunda mulher a presidir o TSE em mais de 70 anos de cria\u00e7\u00e3o do tribunal. A primeira foi C\u00e1rmen L\u00facia, em 2012. O primeiro desafio da ministra no novo cargo ser\u00e1 a organiza\u00e7\u00e3o das elei\u00e7\u00f5es de outubro, que ser\u00e3o realizadas no dia 7.<\/p>\n<p>Weber j\u00e1 ocupa a vice-presid\u00eancia do tribunal e vai suceder a Luiz Fux, que concluiu per\u00edodo m\u00e1ximo de dois anos no cargo. O per\u00edodo de Fux na cadeira ir\u00e1 at\u00e9 agosto de 2020. De acordo com a Ag\u00eancia Brasil, na mesma sess\u00e3o, ser\u00e3o empossados os ministros Lu\u00eds Roberto Barroso, do Supremo Tribunal Federal (STF), \u00a0e Jorge Mussi, do Superior Tribunal de Justi\u00e7a. Barroso assume como vice-presidente do TSE e Mussi ser\u00e1 corregedor-geral da Justi\u00e7a Eleitoral. O TSE \u00e9 formado por sete ministros, dos quais tr\u00eas s\u00e3o do STF, sendo um o presidente da Corte. Dois ministros s\u00e3o do STJ, um dos quais \u00e9 o corregedor-geral da Justi\u00e7a Eleitoral, e dois juristas que representam os advogados e s\u00e3o nomeados pelo presidente da Rep\u00fablica.<\/p>\n<p>A ministra nasceu em Porto Alegre e fez carreira como magistrada da Justi\u00e7a do Trabalho no Rio Grande do Sul. Antes de ser nomeada para o STF em 2011, Rosa ocupava o cargo de ministra do Tribunal Superior do Trabalho (TST). Graduou-se em Ci\u00eancias Jur\u00eddicas e Sociais pela Universidade Federal do Rio Grande do Sul (UFRGS), foi ju\u00edza do Trabalho no per\u00edodo de 1981 a 1991, integrou o Tribunal Regional do Trabalho da 4\u00aa Regi\u00e3o (RS) de 1991 a 2006. Rosa Weber assumiu a presid\u00eancia do TRT da 4\u00aa Regi\u00e3o de 2001 a 2003.\u00a0A solenidade de posse ser\u00e1 transmitida ao vivo pela TV Justi\u00e7a e pelo canal do TSE no YouTube.<\/p>\n","protected":false},"excerpt":{"rendered":"<p>Rosa Weber toma posse nesta ter\u00e7a-feira, \u00e0s 20h, no cargo de presidente do Tribunal Superior Eleitoral (TSE), em sess\u00e3o solene no plen\u00e1rio da Corte. A ministra do Supremo Tribunal Federal (STF) ser\u00e1 a segunda mulher a presidir o TSE em mais de 70 anos de cria\u00e7\u00e3o do tribunal. A primeira foi C\u00e1rmen L\u00facia, em 2012. [&hellip;]<\/p>\n","protected":false},"author":2,"featured_media":74328,"comment_status":"open","ping_status":"open","sticky":false,"template":"","format":"standard","meta":{"footnotes":"","_links_to":"","_links_to_target":""},"categories":[1],"tags":[],"class_list":["post-74326","post","type-post","status-publish","format-standard","has-post-thumbnail","hentry","category-geral"],"views":1006,"_links":{"self":[{"href":"https:\/\/www.sudoestehoje.com.br\/novoportal\/wp-json\/wp\/v2\/posts\/74326","targetHints":{"allow":["GET"]}}],"collection":[{"href":"https:\/\/www.sudoestehoje.com.br\/novoportal\/wp-json\/wp\/v2\/posts"}],"about":[{"href":"https:\/\/www.sudoestehoje.com.br\/novoportal\/wp-json\/wp\/v2\/types\/post"}],"author":[{"embeddable":true,"href":"https:\/\/www.sudoestehoje.com.br\/novoportal\/wp-json\/wp\/v2\/users\/2"}],"replies":[{"embeddable":true,"href":"https:\/\/www.sudoestehoje.com.br\/novoportal\/wp-json\/wp\/v2\/comments?post=74326"}],"version-history":[{"count":2,"href":"https:\/\/www.sudoestehoje.com.br\/novoportal\/wp-json\/wp\/v2\/posts\/74326\/revisions"}],"predecessor-version":[{"id":74329,"href":"https:\/\/www.sudoestehoje.com.br\/novoportal\/wp-json\/wp\/v2\/posts\/74326\/revisions\/74329"}],"wp:featuredmedia":[{"embeddable":true,"href":"https:\/\/www.sudoestehoje.com.br\/novoportal\/wp-json\/wp\/v2\/media\/74328"}],"wp:attachment":[{"href":"https:\/\/www.sudoestehoje.com.br\/novoportal\/wp-json\/wp\/v2\/media?parent=74326"}],"wp:term":[{"taxonomy":"category","embeddable":true,"href":"https:\/\/www.sudoestehoje.com.br\/novoportal\/wp-json\/wp\/v2\/categories?post=74326"},{"taxonomy":"post_tag","embeddable":true,"href":"https:\/\/www.sudoestehoje.com.br\/novoportal\/wp-json\/wp\/v2\/tags?post=74326"}],"curies":[{"name":"wp","href":"https:\/\/api.w.org\/{rel}","templated":true}]}}