
{"id":74273,"date":"2018-08-13T00:58:29","date_gmt":"2018-08-13T03:58:29","guid":{"rendered":"http:\/\/www.sudoestehoje.com.br\/novoportal\/?p=74273"},"modified":"2018-08-13T01:03:39","modified_gmt":"2018-08-13T04:03:39","slug":"macarani-duas-novas-ambulancias-estao-prontas-para-atender-moradores-de-vila-izabel-e-itabai","status":"publish","type":"post","link":"https:\/\/www.sudoestehoje.com.br\/novoportal\/2018\/08\/13\/macarani-duas-novas-ambulancias-estao-prontas-para-atender-moradores-de-vila-izabel-e-itabai\/","title":{"rendered":"MACARANI: DUAS NOVAS AMBUL\u00c2NCIAS EST\u00c3O PRONTAS PARA ATENDER MORADORES DE VILA IZABEL E ITABA\u00cd"},"content":{"rendered":"<p style=\"font-weight: 400;\"><a href=\"http:\/\/www.sudoestehoje.com.br\/novoportal\/wp-content\/uploads\/2018\/08\/ambulancia4-1.jpg\"><img loading=\"lazy\" decoding=\"async\" class=\"aligncenter size-medium wp-image-74281\" src=\"http:\/\/www.sudoestehoje.com.br\/novoportal\/wp-content\/uploads\/2018\/08\/ambulancia4-1-500x375.jpg\" alt=\"\" width=\"500\" height=\"375\" srcset=\"https:\/\/www.sudoestehoje.com.br\/novoportal\/wp-content\/uploads\/2018\/08\/ambulancia4-1-500x375.jpg 500w, https:\/\/www.sudoestehoje.com.br\/novoportal\/wp-content\/uploads\/2018\/08\/ambulancia4-1-768x576.jpg 768w, https:\/\/www.sudoestehoje.com.br\/novoportal\/wp-content\/uploads\/2018\/08\/ambulancia4-1-700x525.jpg 700w, https:\/\/www.sudoestehoje.com.br\/novoportal\/wp-content\/uploads\/2018\/08\/ambulancia4-1.jpg 1152w\" sizes=\"auto, (max-width: 500px) 100vw, 500px\" \/><\/a><\/p>\n<p style=\"font-weight: 400;\">Em prosseguimento as a\u00e7\u00f5es de melhoramento e qualifica\u00e7\u00e3o da sa\u00fade p\u00fablica municipal, a prefeitura de Macarani apresentou neste s\u00e1bado mais duas ambul\u00e2ncias zero quil\u00f4metro, que v\u00e3o servir aos moradores dos distritos de Vila Izabel e Itabai. \u00c0 exemplo do distrito de Vila das Gra\u00e7as, os moradores dessas localidades nunca, em sua hist\u00f3ria, tiveram \u00e0 disposi\u00e7\u00e3o ambul\u00e2ncia padronizada para servi-los em eventuais necessidades medicas.<\/p>\n<p style=\"font-weight: 400;\">Muitos destes moradores chegavam a pagar at\u00e9 R$ 160 (cento e sessenta reais) por um transporte emergencial, por n\u00e3o existir um carro de transporte adequado \u00e0 necessidade do paciente. Situa\u00e7\u00f5es assim n\u00e3o mais ocorrer\u00e3o, gra\u00e7as ao empenho e sensibilidade do prefeito Miller Ferraz, que n\u00e3o mede esfor\u00e7os para dotar os distritos do munic\u00edpio de toda infraestrutura, principalmente no setor da sa\u00fade.<\/p>\n<p style=\"font-weight: 400;\"><a href=\"http:\/\/www.sudoestehoje.com.br\/novoportal\/wp-content\/uploads\/2018\/08\/Ze-Rocha.jpg\"><img loading=\"lazy\" decoding=\"async\" class=\"aligncenter size-medium wp-image-74279\" src=\"http:\/\/www.sudoestehoje.com.br\/novoportal\/wp-content\/uploads\/2018\/08\/Ze-Rocha-500x483.jpg\" alt=\"\" width=\"500\" height=\"483\" srcset=\"https:\/\/www.sudoestehoje.com.br\/novoportal\/wp-content\/uploads\/2018\/08\/Ze-Rocha-500x483.jpg 500w, https:\/\/www.sudoestehoje.com.br\/novoportal\/wp-content\/uploads\/2018\/08\/Ze-Rocha.jpg 635w\" sizes=\"auto, (max-width: 500px) 100vw, 500px\" \/><\/a><\/p>\n<p><i><\/i><i><\/i>Essas duas unidades foram conseguidas junto ao deputado federal Jos\u00e9 Rocha, parceiro da administra\u00e7\u00e3o municipal, que as viabilizou atrav\u00e9s de emenda parlamentar e negocia\u00e7\u00e3o com o governo do Estado. As ambul\u00e2ncias s\u00e3o adaptadas para o transporte em estradas n\u00e3o convencionais e equipadas com instrumentos de precis\u00e3o para socorro em eventualidades iminentes.<\/p>\n<p>O prefeito dr. Miller Ferraz destacou a aten\u00e7\u00e3o dispensada aos distritos Itabai que est\u00e3o recebendo aten\u00e7\u00e3o da administra\u00e7\u00e3o municipal. \u201cEstamos garantindo melhorias diversas para sempre priorizar o atendimento aos moradores dessas localidades. Estamos cumprindo nosso compromisso de campanha ao entregar estas ambul\u00e2ncias. Quando assumimos a prefeitura, o munic\u00edpio n\u00e3o tinha nenhuma ambul\u00e2ncia. A que existia estava quebrada e em p\u00e9ssimas condi\u00e7\u00f5es. Hoje, gra\u00e7as ao empenho do governo e dos nossos parceiros deputados, Macarani conta com seis ve\u00edculos novos, incluindo o do SAMU que foi incorporado ao munic\u00edpio, para atender toda a comunidade\u201d, destacou o prefeito Miller.<\/p>\n<p><a href=\"http:\/\/www.sudoestehoje.com.br\/novoportal\/wp-content\/uploads\/2018\/08\/gerson.jpg\"><img loading=\"lazy\" decoding=\"async\" class=\"aligncenter size-medium wp-image-74278\" src=\"http:\/\/www.sudoestehoje.com.br\/novoportal\/wp-content\/uploads\/2018\/08\/gerson-500x375.jpg\" alt=\"\" width=\"500\" height=\"375\" srcset=\"https:\/\/www.sudoestehoje.com.br\/novoportal\/wp-content\/uploads\/2018\/08\/gerson-500x375.jpg 500w, https:\/\/www.sudoestehoje.com.br\/novoportal\/wp-content\/uploads\/2018\/08\/gerson-768x576.jpg 768w, https:\/\/www.sudoestehoje.com.br\/novoportal\/wp-content\/uploads\/2018\/08\/gerson-700x525.jpg 700w, https:\/\/www.sudoestehoje.com.br\/novoportal\/wp-content\/uploads\/2018\/08\/gerson.jpg 1600w\" sizes=\"auto, (max-width: 500px) 100vw, 500px\" \/><\/a><\/p>\n<p>O secret\u00e1rio municipal de sa\u00fade Gerson Ferraz, falou sobre a import\u00e2ncia da chegada das novas ambul\u00e2ncias e sobre os esfor\u00e7os que o governo municipal vem fazendo para garantir a continuidade e a implanta\u00e7\u00e3o de novas a\u00e7\u00f5es.\u00a0&#8220;Essa aquisi\u00e7\u00e3o demonstra o quanto a administra\u00e7\u00e3o do dr. Miller vem qualificando a sa\u00fade em nosso munic\u00edpio. Conseguimos cobrir todo o munic\u00edpio, sede e distritos. Sabemos que ainda temos muito que avan\u00e7ar, pois na sa\u00fade sempre precisamos de mais, mas \u00e9 importante destacar que temos diversas conquistas que est\u00e3o transformando para melhor a vida de nossa popula\u00e7\u00e3o\u201d, afirmou o secret\u00e1rio. \/\/<em>Macarani Noticias<\/em><\/p>\n","protected":false},"excerpt":{"rendered":"<p>Em prosseguimento as a\u00e7\u00f5es de melhoramento e qualifica\u00e7\u00e3o da sa\u00fade p\u00fablica municipal, a prefeitura de Macarani apresentou neste s\u00e1bado mais duas ambul\u00e2ncias zero quil\u00f4metro, que v\u00e3o servir aos moradores dos distritos de Vila Izabel e Itabai. \u00c0 exemplo do distrito de Vila das Gra\u00e7as, os moradores dessas localidades nunca, em sua hist\u00f3ria, tiveram \u00e0 disposi\u00e7\u00e3o [&hellip;]<\/p>\n","protected":false},"author":2,"featured_media":74280,"comment_status":"open","ping_status":"open","sticky":false,"template":"","format":"standard","meta":{"footnotes":"","_links_to":"","_links_to_target":""},"categories":[1],"tags":[],"class_list":["post-74273","post","type-post","status-publish","format-standard","has-post-thumbnail","hentry","category-geral"],"views":1051,"_links":{"self":[{"href":"https:\/\/www.sudoestehoje.com.br\/novoportal\/wp-json\/wp\/v2\/posts\/74273","targetHints":{"allow":["GET"]}}],"collection":[{"href":"https:\/\/www.sudoestehoje.com.br\/novoportal\/wp-json\/wp\/v2\/posts"}],"about":[{"href":"https:\/\/www.sudoestehoje.com.br\/novoportal\/wp-json\/wp\/v2\/types\/post"}],"author":[{"embeddable":true,"href":"https:\/\/www.sudoestehoje.com.br\/novoportal\/wp-json\/wp\/v2\/users\/2"}],"replies":[{"embeddable":true,"href":"https:\/\/www.sudoestehoje.com.br\/novoportal\/wp-json\/wp\/v2\/comments?post=74273"}],"version-history":[{"count":6,"href":"https:\/\/www.sudoestehoje.com.br\/novoportal\/wp-json\/wp\/v2\/posts\/74273\/revisions"}],"predecessor-version":[{"id":74283,"href":"https:\/\/www.sudoestehoje.com.br\/novoportal\/wp-json\/wp\/v2\/posts\/74273\/revisions\/74283"}],"wp:featuredmedia":[{"embeddable":true,"href":"https:\/\/www.sudoestehoje.com.br\/novoportal\/wp-json\/wp\/v2\/media\/74280"}],"wp:attachment":[{"href":"https:\/\/www.sudoestehoje.com.br\/novoportal\/wp-json\/wp\/v2\/media?parent=74273"}],"wp:term":[{"taxonomy":"category","embeddable":true,"href":"https:\/\/www.sudoestehoje.com.br\/novoportal\/wp-json\/wp\/v2\/categories?post=74273"},{"taxonomy":"post_tag","embeddable":true,"href":"https:\/\/www.sudoestehoje.com.br\/novoportal\/wp-json\/wp\/v2\/tags?post=74273"}],"curies":[{"name":"wp","href":"https:\/\/api.w.org\/{rel}","templated":true}]}}