
{"id":74270,"date":"2018-08-13T00:18:32","date_gmt":"2018-08-13T03:18:32","guid":{"rendered":"http:\/\/www.sudoestehoje.com.br\/novoportal\/?p=74270"},"modified":"2018-08-13T00:18:32","modified_gmt":"2018-08-13T03:18:32","slug":"candidatos-ao-governo-da-bahia-se-enfrentam-na-tv-na-proxima-quinta","status":"publish","type":"post","link":"https:\/\/www.sudoestehoje.com.br\/novoportal\/2018\/08\/13\/candidatos-ao-governo-da-bahia-se-enfrentam-na-tv-na-proxima-quinta\/","title":{"rendered":"CANDIDATOS AO GOVERNO DA BAHIA SE ENFRENTAM NA TV NA PR\u00d3XIMA QUINTA"},"content":{"rendered":"<p><a href=\"http:\/\/www.sudoestehoje.com.br\/novoportal\/wp-content\/uploads\/2018\/08\/pre.jpg\"><img loading=\"lazy\" decoding=\"async\" class=\"aligncenter size-medium wp-image-74271\" src=\"http:\/\/www.sudoestehoje.com.br\/novoportal\/wp-content\/uploads\/2018\/08\/pre-500x430.jpg\" alt=\"\" width=\"500\" height=\"430\" srcset=\"https:\/\/www.sudoestehoje.com.br\/novoportal\/wp-content\/uploads\/2018\/08\/pre-500x430.jpg 500w, https:\/\/www.sudoestehoje.com.br\/novoportal\/wp-content\/uploads\/2018\/08\/pre-768x661.jpg 768w, https:\/\/www.sudoestehoje.com.br\/novoportal\/wp-content\/uploads\/2018\/08\/pre-700x603.jpg 700w, https:\/\/www.sudoestehoje.com.br\/novoportal\/wp-content\/uploads\/2018\/08\/pre.jpg 1200w\" sizes=\"auto, (max-width: 500px) 100vw, 500px\" \/><\/a><\/p>\n<p>Na pr\u00f3xima quinta-feira (16), a partir das 22h, os candidatos ao governo do estado se enfrentam pela primeira vez na TV em debate da Band Bahia. \u00a0Com media\u00e7\u00e3o da apresentadora e editora do jornal BandCidade, Carolina Rosa, o programa ter\u00e1 transmiss\u00e3o simult\u00e2nea da R\u00e1dio BandNews FM (99,1) e contar\u00e1 com novidades: tamb\u00e9m ser\u00e1 veiculado, ao vivo, no portal band.com.br\/bahia; na p\u00e1gina da emissora no Facebook e no canal da BandBahia no Youtube.<\/p>\n<p>Al\u00e9m disso, em dois blocos, C\u00e9lia Sacramento (Rede), Jo\u00e3o Henrique (PRTB), Jo\u00e3o Santana (MDB), Jos\u00e9 Ronaldo (Democratas), Marcos Mendes (Psol) e Rui Costa (PT) poder\u00e3o responder aos questionamentos mais de uma vez, o que antes n\u00e3o acontecia. Ao todo, o programa ser\u00e1 dividido em cinco etapas com perguntas formuladas por colunistas e jornalistas do grupo Bandeirantes.<\/p>\n<p>\u201cA Band mant\u00e9m a tradi\u00e7\u00e3o de realizar o primeiro debate na TV entre os candidatos ao governo da Bahia. \u00c9 a primeira vez que a maioria dos eleitores vai poder comparar os candidatos e suas propostas para decidir em quem votar. \u00c9 uma verdadeira largada para a corrida eleitoral\u201d, ressaltou ao bahia.ba a diretora de jornalismo da emissora, Zuleica Andrade.<\/p>\n","protected":false},"excerpt":{"rendered":"<p>Na pr\u00f3xima quinta-feira (16), a partir das 22h, os candidatos ao governo do estado se enfrentam pela primeira vez na TV em debate da Band Bahia. \u00a0Com media\u00e7\u00e3o da apresentadora e editora do jornal BandCidade, Carolina Rosa, o programa ter\u00e1 transmiss\u00e3o simult\u00e2nea da R\u00e1dio BandNews FM (99,1) e contar\u00e1 com novidades: tamb\u00e9m ser\u00e1 veiculado, ao [&hellip;]<\/p>\n","protected":false},"author":2,"featured_media":74271,"comment_status":"open","ping_status":"open","sticky":false,"template":"","format":"standard","meta":{"footnotes":"","_links_to":"","_links_to_target":""},"categories":[1],"tags":[],"class_list":["post-74270","post","type-post","status-publish","format-standard","has-post-thumbnail","hentry","category-geral"],"views":978,"_links":{"self":[{"href":"https:\/\/www.sudoestehoje.com.br\/novoportal\/wp-json\/wp\/v2\/posts\/74270","targetHints":{"allow":["GET"]}}],"collection":[{"href":"https:\/\/www.sudoestehoje.com.br\/novoportal\/wp-json\/wp\/v2\/posts"}],"about":[{"href":"https:\/\/www.sudoestehoje.com.br\/novoportal\/wp-json\/wp\/v2\/types\/post"}],"author":[{"embeddable":true,"href":"https:\/\/www.sudoestehoje.com.br\/novoportal\/wp-json\/wp\/v2\/users\/2"}],"replies":[{"embeddable":true,"href":"https:\/\/www.sudoestehoje.com.br\/novoportal\/wp-json\/wp\/v2\/comments?post=74270"}],"version-history":[{"count":1,"href":"https:\/\/www.sudoestehoje.com.br\/novoportal\/wp-json\/wp\/v2\/posts\/74270\/revisions"}],"predecessor-version":[{"id":74272,"href":"https:\/\/www.sudoestehoje.com.br\/novoportal\/wp-json\/wp\/v2\/posts\/74270\/revisions\/74272"}],"wp:featuredmedia":[{"embeddable":true,"href":"https:\/\/www.sudoestehoje.com.br\/novoportal\/wp-json\/wp\/v2\/media\/74271"}],"wp:attachment":[{"href":"https:\/\/www.sudoestehoje.com.br\/novoportal\/wp-json\/wp\/v2\/media?parent=74270"}],"wp:term":[{"taxonomy":"category","embeddable":true,"href":"https:\/\/www.sudoestehoje.com.br\/novoportal\/wp-json\/wp\/v2\/categories?post=74270"},{"taxonomy":"post_tag","embeddable":true,"href":"https:\/\/www.sudoestehoje.com.br\/novoportal\/wp-json\/wp\/v2\/tags?post=74270"}],"curies":[{"name":"wp","href":"https:\/\/api.w.org\/{rel}","templated":true}]}}