
{"id":74216,"date":"2018-08-11T09:32:15","date_gmt":"2018-08-11T12:32:15","guid":{"rendered":"http:\/\/www.sudoestehoje.com.br\/novoportal\/?p=74216"},"modified":"2018-08-11T19:33:53","modified_gmt":"2018-08-11T22:33:53","slug":"fabrica-de-calcados-renata-mello-demite-70-funcionarios-em-maiquinique","status":"publish","type":"post","link":"https:\/\/www.sudoestehoje.com.br\/novoportal\/2018\/08\/11\/fabrica-de-calcados-renata-mello-demite-70-funcionarios-em-maiquinique\/","title":{"rendered":"F\u00c1BRICA DE CAL\u00c7ADOS RENATA MELLO DEMITE 70 FUNCION\u00c1RIOS EM MAIQUINIQUE"},"content":{"rendered":"<p><a href=\"http:\/\/www.sudoestehoje.com.br\/novoportal\/wp-content\/uploads\/2018\/08\/renata.jpg\"><img loading=\"lazy\" decoding=\"async\" class=\"aligncenter size-medium wp-image-74217\" src=\"http:\/\/www.sudoestehoje.com.br\/novoportal\/wp-content\/uploads\/2018\/08\/renata-500x280.jpg\" alt=\"\" width=\"500\" height=\"280\" srcset=\"https:\/\/www.sudoestehoje.com.br\/novoportal\/wp-content\/uploads\/2018\/08\/renata-500x280.jpg 500w, https:\/\/www.sudoestehoje.com.br\/novoportal\/wp-content\/uploads\/2018\/08\/renata.jpg 640w\" sizes=\"auto, (max-width: 500px) 100vw, 500px\" \/><\/a><\/p>\n<p>Na quinta-feira (9), a empresa de cal\u00e7ados Renata Mello demitiu 70 funcion\u00e1rios na cidade de Maiquinique, no sudoeste da Bahia. No m\u00eas de julho a empresa j\u00e1 havia demitido alguns funcion\u00e1rios, que j\u00e1 estavam de aviso pr\u00e9vio.<\/p>\n<p>A crise econ\u00f4mica no polo cal\u00e7adista tem gerado demiss\u00f5es em massa em v\u00e1rias cidades da regi\u00e3o. A empresa Lia Line demitiu v\u00e1rios funcion\u00e1rios dos galp\u00f5es de Itoror\u00f3, Rio do Meio e Firmino Alves.<\/p>\n<p>Em Itapetinga a Renata Mello deu aviso pr\u00e9vio a 250 dos seus 300 funcion\u00e1rios, na \u00faltima quarta-feira (1). A Vulcabras\/Azaleia demitiu cerca de 100 colaboradores, nos meses de junho e julho, fato que reflete negativamente no setor econ\u00f4mico de toda regi\u00e3o.<\/p>\n<p>Nas demiss\u00f5es de Itapetinga, o Governo do Estado se manifestou atrav\u00e9s da SDE &#8211; Secretaria do Desenvolvimento Econ\u00f4mico, dizendo que buscaria &#8220;respostas&#8221; dos empres\u00e1rios, mas n\u00e3o atuou para reverter o quadro crescente de desemprego no polo cal\u00e7adista regional, que ainda n\u00e3o se recuperou das mais de 15 mil demiss\u00f5es de 2012\/2013, na Vulcabras\/Azaleia.<\/p>\n<p>Enquanto o governo busca as &#8220;respostas&#8221; dos empres\u00e1rios, os trabalhadores procuram seus empregos e n\u00e3o encontram.<\/p>\n","protected":false},"excerpt":{"rendered":"<p>Na quinta-feira (9), a empresa de cal\u00e7ados Renata Mello demitiu 70 funcion\u00e1rios na cidade de Maiquinique, no sudoeste da Bahia. No m\u00eas de julho a empresa j\u00e1 havia demitido alguns funcion\u00e1rios, que j\u00e1 estavam de aviso pr\u00e9vio. A crise econ\u00f4mica no polo cal\u00e7adista tem gerado demiss\u00f5es em massa em v\u00e1rias cidades da regi\u00e3o. A empresa [&hellip;]<\/p>\n","protected":false},"author":2,"featured_media":74217,"comment_status":"open","ping_status":"open","sticky":false,"template":"","format":"standard","meta":{"footnotes":"","_links_to":"","_links_to_target":""},"categories":[1],"tags":[],"class_list":["post-74216","post","type-post","status-publish","format-standard","has-post-thumbnail","hentry","category-geral"],"views":2313,"_links":{"self":[{"href":"https:\/\/www.sudoestehoje.com.br\/novoportal\/wp-json\/wp\/v2\/posts\/74216","targetHints":{"allow":["GET"]}}],"collection":[{"href":"https:\/\/www.sudoestehoje.com.br\/novoportal\/wp-json\/wp\/v2\/posts"}],"about":[{"href":"https:\/\/www.sudoestehoje.com.br\/novoportal\/wp-json\/wp\/v2\/types\/post"}],"author":[{"embeddable":true,"href":"https:\/\/www.sudoestehoje.com.br\/novoportal\/wp-json\/wp\/v2\/users\/2"}],"replies":[{"embeddable":true,"href":"https:\/\/www.sudoestehoje.com.br\/novoportal\/wp-json\/wp\/v2\/comments?post=74216"}],"version-history":[{"count":3,"href":"https:\/\/www.sudoestehoje.com.br\/novoportal\/wp-json\/wp\/v2\/posts\/74216\/revisions"}],"predecessor-version":[{"id":74220,"href":"https:\/\/www.sudoestehoje.com.br\/novoportal\/wp-json\/wp\/v2\/posts\/74216\/revisions\/74220"}],"wp:featuredmedia":[{"embeddable":true,"href":"https:\/\/www.sudoestehoje.com.br\/novoportal\/wp-json\/wp\/v2\/media\/74217"}],"wp:attachment":[{"href":"https:\/\/www.sudoestehoje.com.br\/novoportal\/wp-json\/wp\/v2\/media?parent=74216"}],"wp:term":[{"taxonomy":"category","embeddable":true,"href":"https:\/\/www.sudoestehoje.com.br\/novoportal\/wp-json\/wp\/v2\/categories?post=74216"},{"taxonomy":"post_tag","embeddable":true,"href":"https:\/\/www.sudoestehoje.com.br\/novoportal\/wp-json\/wp\/v2\/tags?post=74216"}],"curies":[{"name":"wp","href":"https:\/\/api.w.org\/{rel}","templated":true}]}}