
{"id":74195,"date":"2018-08-10T20:52:46","date_gmt":"2018-08-10T23:52:46","guid":{"rendered":"http:\/\/www.sudoestehoje.com.br\/novoportal\/?p=74195"},"modified":"2018-08-10T20:52:46","modified_gmt":"2018-08-10T23:52:46","slug":"estudo-aponta-que-base-de-rui-deve-eleger-25-deputados-federais-contra-14-da-oposicao","status":"publish","type":"post","link":"https:\/\/www.sudoestehoje.com.br\/novoportal\/2018\/08\/10\/estudo-aponta-que-base-de-rui-deve-eleger-25-deputados-federais-contra-14-da-oposicao\/","title":{"rendered":"ESTUDO APONTA QUE BASE DE RUI DEVE ELEGER 25 DEPUTADOS FEDERAIS CONTRA 14 DA OPOSI\u00c7\u00c3O"},"content":{"rendered":"<p><a href=\"http:\/\/www.sudoestehoje.com.br\/novoportal\/wp-content\/uploads\/2018\/08\/Camara-Federal-den\u00fancia-Temer-800x445.jpg\"><img loading=\"lazy\" decoding=\"async\" class=\"aligncenter size-medium wp-image-74196\" src=\"http:\/\/www.sudoestehoje.com.br\/novoportal\/wp-content\/uploads\/2018\/08\/Camara-Federal-den\u00fancia-Temer-800x445-500x278.jpg\" alt=\"\" width=\"500\" height=\"278\" srcset=\"https:\/\/www.sudoestehoje.com.br\/novoportal\/wp-content\/uploads\/2018\/08\/Camara-Federal-den\u00fancia-Temer-800x445-500x278.jpg 500w, https:\/\/www.sudoestehoje.com.br\/novoportal\/wp-content\/uploads\/2018\/08\/Camara-Federal-den\u00fancia-Temer-800x445-768x427.jpg 768w, https:\/\/www.sudoestehoje.com.br\/novoportal\/wp-content\/uploads\/2018\/08\/Camara-Federal-den\u00fancia-Temer-800x445-700x389.jpg 700w, https:\/\/www.sudoestehoje.com.br\/novoportal\/wp-content\/uploads\/2018\/08\/Camara-Federal-den\u00fancia-Temer-800x445.jpg 800w\" sizes=\"auto, (max-width: 500px) 100vw, 500px\" \/><\/a><\/p>\n<p>No dia 7 de outubro, os brasileiros retornam as urnas para as elei\u00e7\u00f5es dos candidatos a presidente, senador, governador, deputados federais e estaduais. Na Bahia, a elei\u00e7\u00e3o proporcional (deputados) segue agitada e os postulantes atuam a todo vapor em Salvador e no interior.<\/p>\n<p>O Informe Baiano fez um levantamento, baseado em pesquisas internas e conversas com assessores pol\u00edticos e jornalistas, que aponta os principais nomes na disputa por uma vaga na C\u00e2mara Federal. A expectativa \u00e9 que o coeficiente eleitoral fique entre 153 mil e 160 mil votos.<\/p>\n<p>O estudo n\u00e3o oficial aponta que a base do governador Rui Costa (PT) deve eleger, no total, 25 deputados federais. Inclui-se na conta o chap\u00e3o, as coliga\u00e7\u00f5es Avante\/PROS e PTC\/PMN\/PRP\/PMB, al\u00e9m da chapa independente do PDT.<\/p>\n<p>No campo da oposi\u00e7\u00e3o, est\u00e3o os partidos da base de Jos\u00e9 Ronaldo (DEM), da base de Jo\u00e3o Henrique (PRTB) e tamb\u00e9m os \u201cindependentes\u201d. Juntos, elegem 14 candidatos.\u00a0<span style=\"color: #0000ff;\"><strong>Veja abaixo a lista &gt;&gt;&gt;&gt;<\/strong><\/span><!--more--><\/p>\n<p><strong>BASE DE RUI (TOTAL \u2013 25):<\/strong><br \/>\n<strong>Chap\u00e3o: PT, PSB, PSD, PC do B, Podemos, PR, PP (ELEGE 22)<\/strong><\/p>\n<p><strong>Prov\u00e1veis eleitos com mais de 100 mil votos:<\/strong><br \/>\nM\u00e1rio Negromonte J\u00fanior (PP)<br \/>\nCac\u00e1 Le\u00e3o (PP)<br \/>\nRonaldo Carletto (PP)<br \/>\nBacelar (Podemos)<br \/>\nJonga Bacelar (PR)<br \/>\nJos\u00e9 Rocha (PR)<br \/>\nAnt\u00f4nio Brito (PSD)<br \/>\nOtto Filho (PSD)<br \/>\nS\u00e9rgio Brito (PSD)<br \/>\nJos\u00e9 Nunes (PSD)<br \/>\nMarcelo Nilo (PSB)<br \/>\nZ\u00e9 Neto (PT)<br \/>\nValmir Assun\u00e7\u00e3o (PT)<br \/>\nValdenor Pereira (PT)<br \/>\nJorge Solla (PT)<br \/>\nDaniel Almeida (PC do B)<\/p>\n<p><strong>Prov\u00e1veis eleitos com mais de 80 mil votos:<\/strong><br \/>\nMarcos Medrado (PP)<br \/>\nCl\u00e1udio Cajado (PP)<br \/>\nAlice Portugal (PC do B)<br \/>\nL\u00eddice da Mata (PSB)<br \/>\nIsac (PCdoB) \u2013\u00a0<strong>PODE TER A CANDIDATURA IMPUGNADA (LEI DA FICHA LIMPA)<\/strong><\/p>\n<p><strong>Repescagem do chap\u00e3o; brigam por uma vaga:<\/strong><\/p>\n<p>Josias Gomes (PT)<br \/>\nAfonso Floresce (PT)<br \/>\nCaetano (PT) \u2013\u00a0<strong>PODE TER A CANDIDATURA IMPUGNADA (LEI DA FICHA LIMPA)<\/strong><br \/>\nPelegrino (PT)<br \/>\nCarlos Martins (PT)<br \/>\nJoseildo Ramos (PT)<br \/>\nManass\u00e9s (PSD)<br \/>\nPaulo Magalh\u00e3es (PSD)<br \/>\nJos\u00e9 Carlos Ara\u00fajo (PSD)<\/p>\n<p><strong>Chapa: PDT (ELEGE 2)<\/strong><br \/>\nF\u00e9lix Mendon\u00e7a J\u00fanior \u2013 mais de 100 mil votos<br \/>\nDisputam a segunda vaga: Pastor Alex Santana, Cosme Ara\u00fajo, Mangabeira, Pop\u00f3 e Capit\u00e3o Tadeu<\/p>\n<p><strong>Chapa: Avante\/PROS (ELEGE 1)<\/strong><br \/>\nPastor Sargento Isid\u00f3rio \u2013 mais de 120 mil votos<\/p>\n<p><strong>Chapa: PTC, PMN, PRP e PMB (CHANCE DE ELEGER 1)<\/strong><br \/>\nOs \u201cnanicos\u201d contam com uma coliga\u00e7\u00e3o extremamente disputada, mas conseguir 153 mil votos para eleger um parlamentar federal \u00e9 uma tarefa \u00e1rdua. Surgem como favoritos Ana Rita Tavares e Alexandre Marques.<\/p>\n<p><strong>BASE DA OPOSI\u00c7\u00c3O (TOTAL \u2013 14):<\/strong><\/p>\n<p><strong>Chapa: DEM, PRB e PV (ELEGE 6)<\/strong><br \/>\n<strong>Prov\u00e1veis eleitos com mais de 120 mil votos:<\/strong><br \/>\nPaulo Azi (DEM)<br \/>\nElmar Nascimento (DEM)<br \/>\nTia Eron (PRB)<br \/>\nM\u00e1rcio Marinho (PRB)<\/p>\n<p><strong>Repescagem do chap\u00e3o; brigam por duas vagas (todos com mais de 100 mil votos):<\/strong><br \/>\nJos\u00e9 Carlos Aleluia (DEM)<br \/>\nArthur Maia (DEM)<br \/>\nJo\u00e3o Roma (PRB)<br \/>\nLeur Lomanto J\u00fanior (DEM)<\/p>\n<p><strong>Chapa: PSDB (ELEGE 2, mas com grandes chances de fazer 3)<\/strong><br \/>\nJo\u00e3o Gualberto \u2013 mais de 130 mil votos<br \/>\nSegunda vaga \u00e9 disputada por Adolfo Vianna e Imbassahy<\/p>\n<p><strong>Chapa: PTB\/PSC\/SD\/PPL (elege 2)<\/strong><\/p>\n<p>H\u00e9ber Santana e Benito Gama \u2013 ambos com mais de 70 mil\/ Correm por fora: Luciano Ara\u00fajo e Uldurico J\u00fanior<\/p>\n<p><strong>Chapa: MDB\/PSDC (ELEGE 2)<\/strong><\/p>\n<p>Lucio Vieira Lima \u2013 mais de 130 mil votos<br \/>\nSegunda vaga \u00e9 disputada por Gerson Gabrielli, Azis, Andr\u00e9 Eloy e Nestor Duarte<\/p>\n<p><strong>Chapa: PHS\/PPS\/PRTB\/PSL (ELEGE 2)<\/strong><br \/>\nBriga boa entre seis candidatos, todos com possibilidades de superar 40 mil votos: Pastor Luciano (PRTB); Joceval Rodrigues (PPS); Igor Kann\u00e1rio (PHS); Professora Daiana de Bolsonaro (PSL); Ab\u00edlio Santana (PHS); e Marcelo Melo (PHS).<\/p>\n","protected":false},"excerpt":{"rendered":"<p>No dia 7 de outubro, os brasileiros retornam as urnas para as elei\u00e7\u00f5es dos candidatos a presidente, senador, governador, deputados federais e estaduais. Na Bahia, a elei\u00e7\u00e3o proporcional (deputados) segue agitada e os postulantes atuam a todo vapor em Salvador e no interior. O Informe Baiano fez um levantamento, baseado em pesquisas internas e conversas [&hellip;]<\/p>\n","protected":false},"author":2,"featured_media":74196,"comment_status":"open","ping_status":"open","sticky":false,"template":"","format":"standard","meta":{"footnotes":"","_links_to":"","_links_to_target":""},"categories":[1],"tags":[],"class_list":["post-74195","post","type-post","status-publish","format-standard","has-post-thumbnail","hentry","category-geral"],"views":1301,"_links":{"self":[{"href":"https:\/\/www.sudoestehoje.com.br\/novoportal\/wp-json\/wp\/v2\/posts\/74195","targetHints":{"allow":["GET"]}}],"collection":[{"href":"https:\/\/www.sudoestehoje.com.br\/novoportal\/wp-json\/wp\/v2\/posts"}],"about":[{"href":"https:\/\/www.sudoestehoje.com.br\/novoportal\/wp-json\/wp\/v2\/types\/post"}],"author":[{"embeddable":true,"href":"https:\/\/www.sudoestehoje.com.br\/novoportal\/wp-json\/wp\/v2\/users\/2"}],"replies":[{"embeddable":true,"href":"https:\/\/www.sudoestehoje.com.br\/novoportal\/wp-json\/wp\/v2\/comments?post=74195"}],"version-history":[{"count":1,"href":"https:\/\/www.sudoestehoje.com.br\/novoportal\/wp-json\/wp\/v2\/posts\/74195\/revisions"}],"predecessor-version":[{"id":74197,"href":"https:\/\/www.sudoestehoje.com.br\/novoportal\/wp-json\/wp\/v2\/posts\/74195\/revisions\/74197"}],"wp:featuredmedia":[{"embeddable":true,"href":"https:\/\/www.sudoestehoje.com.br\/novoportal\/wp-json\/wp\/v2\/media\/74196"}],"wp:attachment":[{"href":"https:\/\/www.sudoestehoje.com.br\/novoportal\/wp-json\/wp\/v2\/media?parent=74195"}],"wp:term":[{"taxonomy":"category","embeddable":true,"href":"https:\/\/www.sudoestehoje.com.br\/novoportal\/wp-json\/wp\/v2\/categories?post=74195"},{"taxonomy":"post_tag","embeddable":true,"href":"https:\/\/www.sudoestehoje.com.br\/novoportal\/wp-json\/wp\/v2\/tags?post=74195"}],"curies":[{"name":"wp","href":"https:\/\/api.w.org\/{rel}","templated":true}]}}