
{"id":74189,"date":"2018-08-10T20:43:56","date_gmt":"2018-08-10T23:43:56","guid":{"rendered":"http:\/\/www.sudoestehoje.com.br\/novoportal\/?p=74189"},"modified":"2018-08-10T20:44:37","modified_gmt":"2018-08-10T23:44:37","slug":"alba-de-ter-renovacao-de-40-veja-a-lista-dos-candidatos-favoritos","status":"publish","type":"post","link":"https:\/\/www.sudoestehoje.com.br\/novoportal\/2018\/08\/10\/alba-de-ter-renovacao-de-40-veja-a-lista-dos-candidatos-favoritos\/","title":{"rendered":"ALBA DEVE TER RENOVA\u00c7\u00c3O DE 40%; VEJA A LISTA DOS CANDIDATOS FAVORITOS"},"content":{"rendered":"<p><a href=\"http:\/\/www.sudoestehoje.com.br\/novoportal\/wp-content\/uploads\/2018\/08\/ALBA-1.jpg\"><img loading=\"lazy\" decoding=\"async\" class=\"aligncenter size-medium wp-image-74192\" src=\"http:\/\/www.sudoestehoje.com.br\/novoportal\/wp-content\/uploads\/2018\/08\/ALBA-1-500x281.jpg\" alt=\"\" width=\"500\" height=\"281\" srcset=\"https:\/\/www.sudoestehoje.com.br\/novoportal\/wp-content\/uploads\/2018\/08\/ALBA-1-500x281.jpg 500w, https:\/\/www.sudoestehoje.com.br\/novoportal\/wp-content\/uploads\/2018\/08\/ALBA-1-768x431.jpg 768w, https:\/\/www.sudoestehoje.com.br\/novoportal\/wp-content\/uploads\/2018\/08\/ALBA-1-700x393.jpg 700w, https:\/\/www.sudoestehoje.com.br\/novoportal\/wp-content\/uploads\/2018\/08\/ALBA-1.jpg 890w\" sizes=\"auto, (max-width: 500px) 100vw, 500px\" \/><\/a><\/p>\n<p>O estudo n\u00e3o oficial aponta que a base do governador Rui Costa (PT) deve eleger, no total, 40 deputados estaduais, podendo chegar a 42. Inclui-se na conta o chap\u00e3o, o PC do B (disputa sozinho) e ainda uma chapinha formada pelos nanicos PTC\/PMN.<\/p>\n<p>Entre os candidatos ao governo do lado da oposi\u00e7\u00e3o est\u00e3o: Jos\u00e9 Ronaldo (DEM), Jo\u00e3o Henrique (PRTB) e Jo\u00e3o Santana (MDB). Devem ser eleitos 22 parlamentares. S\u00e3o cinco chapas: DEM\/PV\/PRB\/PSDB, PTB\/PSC\/PPL e PPS\/PHS\/PSL\/PRTB. Os partidos MDB e SD disputam sozinhos.<\/p>\n<p>H\u00e1 ainda o \u201cbloco independente\u201d, do PSOL, que tem grandes chances de eleger um representante na ALBA pela primeira vez.<\/p>\n<p>As elei\u00e7\u00f5es para presidente, senadores, governadores, deputados federais e estaduais ocorrem no dia 7 de outubro.\u00a0<span style=\"color: #0000ff;\"><strong>Veja abaixo a lista &gt;&gt;&gt;&gt;<\/strong><\/span><!--more--><\/p>\n<p><strong>SITUA\u00c7\u00c3O (ELEGE 40, no m\u00ednimo):<\/strong><\/p>\n<p><strong>Chap\u00e3o: PT, PSB, PSD, PP, PR, PDT, PRP, PMB, Podemos, Avante e Pros (36 ou 37)<\/strong><\/p>\n<p><strong>Prov\u00e1veis eleitos com mais de 60 mil votos:<\/strong><br \/>\nDiego Coronel (PSD)<br \/>\nRog\u00e9rio Andrade Filho (PSD)<br \/>\nAlex da Piat\u00e3 (PSD)<br \/>\nIvana Bastos (PSD)<br \/>\nJusmari (PSD)<br \/>\nLarissa Oliveira (PSD)<br \/>\nAdolfo Menezes (PSD)<br \/>\nRosemberg Pinto (PT)<br \/>\nZ\u00e9 Raimundo (PT)<br \/>\nF\u00e1tima Nunes (PT)<br \/>\nEduardo Salles (PP)<br \/>\nNelson Leal (PP)<br \/>\nRoberto Carlos (PDT)<br \/>\nSamuel J\u00fanior (PDT)<br \/>\nAlex Lima (PSB)<br \/>\nMarquinho Viana (PSB)<br \/>\nMarcelo Veiga (PSB)<br \/>\nLuizinho Sobral (Podemos)<br \/>\nJo\u00e3o Paulo Isid\u00f3rio (Avante)<br \/>\nVitor Bonfim (PR)<\/p>\n<p><strong>Prov\u00e1veis eleitos com mais de 40 mil votos:<\/strong><br \/>\nReinaldo Braga (PR)<br \/>\nJ\u00e2nio Natal (Podemos)<br \/>\nAlan Castro (PSD)<br \/>\nEduardo Alencar (PSD)<br \/>\nSu\u00edca (PT)<br \/>\nMarcelino Galo (PT)<br \/>\nRobinson Almeida (PT)<br \/>\nOsni (PT)<br \/>\nRobinho (PP)<br \/>\nAnt\u00f4nio Henrique (PP)<br \/>\nRoberto Brito (PP)<br \/>\nEuclides Fernandes (PDT)<br \/>\nFab\u00edola Mansur (PSB)<br \/>\nPaulo C\u00e9sar (PRP)<br \/>\nLuiz Augusto (PP)<\/p>\n<p><strong>Repescagem do chap\u00e3o; brigam por 1 ou 2 vagas:<\/strong><br \/>\nAngelo Almeida (PSB)<br \/>\nAnilton Bastos (Podemos)<br \/>\nJos\u00e9 Trindade (Podemos)<br \/>\nJurandy Oliveira (PRP)<br \/>\nAngela Sousa (PSD)<br \/>\nCarlos Ubaldino (PSD)<br \/>\nRaimundinho da JR (PDT)<br \/>\nJac\u00f3 (PT)<br \/>\nMaria Del Carmem (PT)<br \/>\nNeusa Cardore (PT)<br \/>\nBira Coroa (PT)<br \/>\nZ\u00e9 Coc\u00e1 (PP)<br \/>\nNiltinho (PP)<br \/>\nMirela (PSD)<br \/>\nPaulo Rangel (PT)<\/p>\n<p><strong>PC do B (DEVE ELEGER 3 OU 4)<\/strong>\u00a0\u2013<br \/>\nZ\u00f3 e Fabr\u00edcio Falc\u00e3o<br \/>\nBrigam por prov\u00e1veis duas vagas: H\u00e9lio Ferreira, Bob\u00f4 e Ol\u00edvia Santana<\/p>\n<p><strong>Chapinha: PTC\/PMN (pode fazer 1)<\/strong><br \/>\nDeve eleger o deputado estadual menos votado da Bahia com menos de 20 mil votos. Entre os favoritos est\u00e3o: Beto Sim\u00f5es, Ednaldo Rodrigues e Dr. Arag\u00e3o<\/p>\n<p><strong>OPOSI\u00c7\u00c3O (22):<\/strong><\/p>\n<p><strong>Chapa: DEM\/PV\/PRB\/PSDB \u2013 (ELEGE 16 ou 17)<\/strong><\/p>\n<p><strong>Prov\u00e1veis eleitos com mais de 60 mil votos:<\/strong><br \/>\nPedro Tavares (DEM)<br \/>\nSandro R\u00e9gis (DEM)<br \/>\nAlan Sanches (DEM)<br \/>\nLeo Prates (DEM)<br \/>\nCarlos Geilson (PSDB)<br \/>\nMarcell Moraes (PSDB)<br \/>\nJos\u00e9 de Arimat\u00e9ia (PRB)<br \/>\nBispo Jurailton (PRB)<br \/>\nTom Ara\u00fajo (DEM)<br \/>\nTargino Machado (DEM)<br \/>\nLuciano Sim\u00f5es Filho (DEM)<\/p>\n<p><strong>Prov\u00e1veis eleitos com mais de 50 mil votos:<\/strong><br \/>\nAlexandre Aleluia (DEM)<br \/>\nTiago Correia (PSDB)<br \/>\nLuciano Ribeiro (DEM)<br \/>\nPablo Barrozo (DEM)<br \/>\nAugusto Castro (PSDB)<\/p>\n<p><strong>Repescagem do chap\u00e3o; brigam por 1 vaga:<\/strong><br \/>\nTude (DEM)<br \/>\nDavid Rios (PSDB)<br \/>\nLulu de Mata de S\u00e3o Jo\u00e3o (PSDB)<br \/>\nGeraldo Melo (PSDB)<br \/>\nPaulo C\u00e2mara (PSDB)<br \/>\nEdylene de Serrinha (PV)<\/p>\n<p><strong>Chapinha: PTB\/PSC\/PPL (DEVE ELEGER 2 OU 3)<\/strong><br \/>\nHid\u00e9lcio Meirelles e Laerte de Vando<br \/>\nBrigam por uma vaga: Prisco, J Carlos, Tum, Ta\u00edssa Gama e Sidelv\u00e1n<\/p>\n<p><strong>MDB (ELEGE 2)<\/strong><br \/>\nK\u00e1tia Oliveira<br \/>\nBrigam pela segunda vaga: Gilmar de Conquista e Jo\u00e3o Gomes<\/p>\n<p><strong>Chapinha: PPS\/PHS\/PSL\/PRTB (DEVE ELEGER 2 OU 3)<\/strong><br \/>\nTodo mundo japon\u00eas e batendo contin\u00eancia para Jair Bolsonaro. Deve estourar com votos de legenda. Pelo menos 8 candidatos, com m\u00e9dia de 20 mil votos, brigam por duas ou tr\u00eas vagas. Entre os favoritos, Capit\u00e3o Alden, Marcelo Ara\u00fajo, Talita, Perla, Matheus Reis, Da Luz, Junior Muniz e Edcity.<\/p>\n<p><strong>SD (TENTA ELEGER 1)<\/strong><br \/>\nBriga para somar 100 mil votos e eleger pelo menos um deputado estadual. O favorito \u00e9 o ex-prefeito de Juazeiro Joseph Bandeira.<\/p>\n<p><strong>INDEPENDENTE (PODE ELEGER 1):<\/strong><br \/>\nO PSOL, que conta com o presidenci\u00e1vel Guilherme Boulos, espera surpreender com os votos de legenda e vai lan\u00e7ar mais de 60 candidatos. Com isso, a expectativa \u00e9 que a sigla consiga uma cadeira na ALBa. O favorito \u00e9 o vereador de Salvador, Hilton Coelho.<\/p>\n","protected":false},"excerpt":{"rendered":"<p>O estudo n\u00e3o oficial aponta que a base do governador Rui Costa (PT) deve eleger, no total, 40 deputados estaduais, podendo chegar a 42. Inclui-se na conta o chap\u00e3o, o PC do B (disputa sozinho) e ainda uma chapinha formada pelos nanicos PTC\/PMN. Entre os candidatos ao governo do lado da oposi\u00e7\u00e3o est\u00e3o: Jos\u00e9 Ronaldo [&hellip;]<\/p>\n","protected":false},"author":2,"featured_media":74190,"comment_status":"open","ping_status":"open","sticky":false,"template":"","format":"standard","meta":{"footnotes":"","_links_to":"","_links_to_target":""},"categories":[1],"tags":[],"class_list":["post-74189","post","type-post","status-publish","format-standard","has-post-thumbnail","hentry","category-geral"],"views":1379,"_links":{"self":[{"href":"https:\/\/www.sudoestehoje.com.br\/novoportal\/wp-json\/wp\/v2\/posts\/74189","targetHints":{"allow":["GET"]}}],"collection":[{"href":"https:\/\/www.sudoestehoje.com.br\/novoportal\/wp-json\/wp\/v2\/posts"}],"about":[{"href":"https:\/\/www.sudoestehoje.com.br\/novoportal\/wp-json\/wp\/v2\/types\/post"}],"author":[{"embeddable":true,"href":"https:\/\/www.sudoestehoje.com.br\/novoportal\/wp-json\/wp\/v2\/users\/2"}],"replies":[{"embeddable":true,"href":"https:\/\/www.sudoestehoje.com.br\/novoportal\/wp-json\/wp\/v2\/comments?post=74189"}],"version-history":[{"count":3,"href":"https:\/\/www.sudoestehoje.com.br\/novoportal\/wp-json\/wp\/v2\/posts\/74189\/revisions"}],"predecessor-version":[{"id":74194,"href":"https:\/\/www.sudoestehoje.com.br\/novoportal\/wp-json\/wp\/v2\/posts\/74189\/revisions\/74194"}],"wp:featuredmedia":[{"embeddable":true,"href":"https:\/\/www.sudoestehoje.com.br\/novoportal\/wp-json\/wp\/v2\/media\/74190"}],"wp:attachment":[{"href":"https:\/\/www.sudoestehoje.com.br\/novoportal\/wp-json\/wp\/v2\/media?parent=74189"}],"wp:term":[{"taxonomy":"category","embeddable":true,"href":"https:\/\/www.sudoestehoje.com.br\/novoportal\/wp-json\/wp\/v2\/categories?post=74189"},{"taxonomy":"post_tag","embeddable":true,"href":"https:\/\/www.sudoestehoje.com.br\/novoportal\/wp-json\/wp\/v2\/tags?post=74189"}],"curies":[{"name":"wp","href":"https:\/\/api.w.org\/{rel}","templated":true}]}}