
{"id":74176,"date":"2018-08-09T20:43:10","date_gmt":"2018-08-09T23:43:10","guid":{"rendered":"http:\/\/www.sudoestehoje.com.br\/novoportal\/?p=74176"},"modified":"2018-08-09T20:43:10","modified_gmt":"2018-08-09T23:43:10","slug":"todos-por-lucio-mdb-turbina-chapa-de-federais-para-garantir-vaga-2","status":"publish","type":"post","link":"https:\/\/www.sudoestehoje.com.br\/novoportal\/2018\/08\/09\/todos-por-lucio-mdb-turbina-chapa-de-federais-para-garantir-vaga-2\/","title":{"rendered":"TODOS POR L\u00daCIO: MDB TURBINA CHAPA DE FEDERAIS PARA GARANTIR VAGA"},"content":{"rendered":"<p><a href=\"http:\/\/www.sudoestehoje.com.br\/novoportal\/wp-content\/uploads\/2018\/08\/LUC.png\"><img loading=\"lazy\" decoding=\"async\" class=\"aligncenter size-medium wp-image-74177\" src=\"http:\/\/www.sudoestehoje.com.br\/novoportal\/wp-content\/uploads\/2018\/08\/LUC-500x350.png\" alt=\"\" width=\"500\" height=\"350\" \/><\/a><\/p>\n<p>Visando garantir a reelei\u00e7\u00e3o do deputado federal L\u00facio Vieira Lima, \u00fanico representante do MDB baiano em Bras\u00edlia, o partido \u201cturbinou\u201d a chapa de postulantes \u00e0 C\u00e2mara dos Deputados.<\/p>\n<p>Conforme ata de conven\u00e7\u00e3o partid\u00e1ria entregue \u00e0 Justi\u00e7a Eleitoral, ser\u00e3o 37 candidatos a deputado federal. O n\u00famero \u00e9 quase o dobro dos 20 postulantes a deputado estadual apresentados pela sigla. Se considerada a coliga\u00e7\u00e3o com a Democracia Crist\u00e3 (DC), ser\u00e3o 50 candidatos a federal e 45 a estadual, de acordo com a ata.<\/p>\n<p>Al\u00e9m disso, foram colocados para disputar uma cadeira na C\u00e2mara dos Deputados os emedebistas com maior potencial de voto, como o ex-deputado federal Gerson Gabrielli, o ex-prefeito de Jacobina Rui Macedo, o ex-prefeito de S\u00e3o Sebasti\u00e3o do Pass\u00e9 Janser Mesquita e Nestor Neto, candidato a vice-prefeito de Salvador em 2012.<\/p>\n<p>A estrat\u00e9gia \u00e9 tentar garantir o maior n\u00famero poss\u00edvel de votos para a coliga\u00e7\u00e3o, formada com um partido considerado nanico, e assegurar a vaga de L\u00facio em Bras\u00edlia, embora no discurso oficial isso n\u00e3o seja admitido.<\/p>\n<p>Em entrevista, o candidato ao governo pelo MDB, Jo\u00e3o Santana, disse que o partido far\u00e1 \u201cno m\u00ednimo dois federais, com certeza\u201d e espera eleger tr\u00eas representantes.\u00a0Em 2014, o \u00fanico emedebista eleito para a C\u00e2mara Federal foi L\u00facio. Em 2010, a legenda conseguiu eleger dois deputados federais: L\u00facio e Arthur Maia.<\/p>\n","protected":false},"excerpt":{"rendered":"<p>Visando garantir a reelei\u00e7\u00e3o do deputado federal L\u00facio Vieira Lima, \u00fanico representante do MDB baiano em Bras\u00edlia, o partido \u201cturbinou\u201d a chapa de postulantes \u00e0 C\u00e2mara dos Deputados. Conforme ata de conven\u00e7\u00e3o partid\u00e1ria entregue \u00e0 Justi\u00e7a Eleitoral, ser\u00e3o 37 candidatos a deputado federal. O n\u00famero \u00e9 quase o dobro dos 20 postulantes a deputado estadual [&hellip;]<\/p>\n","protected":false},"author":2,"featured_media":74177,"comment_status":"open","ping_status":"open","sticky":false,"template":"","format":"standard","meta":{"footnotes":"","_links_to":"","_links_to_target":""},"categories":[1],"tags":[],"class_list":["post-74176","post","type-post","status-publish","format-standard","has-post-thumbnail","hentry","category-geral"],"views":1489,"_links":{"self":[{"href":"https:\/\/www.sudoestehoje.com.br\/novoportal\/wp-json\/wp\/v2\/posts\/74176","targetHints":{"allow":["GET"]}}],"collection":[{"href":"https:\/\/www.sudoestehoje.com.br\/novoportal\/wp-json\/wp\/v2\/posts"}],"about":[{"href":"https:\/\/www.sudoestehoje.com.br\/novoportal\/wp-json\/wp\/v2\/types\/post"}],"author":[{"embeddable":true,"href":"https:\/\/www.sudoestehoje.com.br\/novoportal\/wp-json\/wp\/v2\/users\/2"}],"replies":[{"embeddable":true,"href":"https:\/\/www.sudoestehoje.com.br\/novoportal\/wp-json\/wp\/v2\/comments?post=74176"}],"version-history":[{"count":1,"href":"https:\/\/www.sudoestehoje.com.br\/novoportal\/wp-json\/wp\/v2\/posts\/74176\/revisions"}],"predecessor-version":[{"id":74178,"href":"https:\/\/www.sudoestehoje.com.br\/novoportal\/wp-json\/wp\/v2\/posts\/74176\/revisions\/74178"}],"wp:featuredmedia":[{"embeddable":true,"href":"https:\/\/www.sudoestehoje.com.br\/novoportal\/wp-json\/wp\/v2\/media\/74177"}],"wp:attachment":[{"href":"https:\/\/www.sudoestehoje.com.br\/novoportal\/wp-json\/wp\/v2\/media?parent=74176"}],"wp:term":[{"taxonomy":"category","embeddable":true,"href":"https:\/\/www.sudoestehoje.com.br\/novoportal\/wp-json\/wp\/v2\/categories?post=74176"},{"taxonomy":"post_tag","embeddable":true,"href":"https:\/\/www.sudoestehoje.com.br\/novoportal\/wp-json\/wp\/v2\/tags?post=74176"}],"curies":[{"name":"wp","href":"https:\/\/api.w.org\/{rel}","templated":true}]}}