
{"id":74168,"date":"2018-08-09T17:47:53","date_gmt":"2018-08-09T20:47:53","guid":{"rendered":"http:\/\/www.sudoestehoje.com.br\/novoportal\/?p=74168"},"modified":"2018-08-09T17:47:53","modified_gmt":"2018-08-09T20:47:53","slug":"itarantim-vereadora-apresenta-projeto-para-proibir-uso-de-capacete-na-cidade","status":"publish","type":"post","link":"https:\/\/www.sudoestehoje.com.br\/novoportal\/2018\/08\/09\/itarantim-vereadora-apresenta-projeto-para-proibir-uso-de-capacete-na-cidade\/","title":{"rendered":"ITARANTIM: VEREADORA APRESENTA PROJETO PARA PROIBIR USO DE CAPACETE NA CIDADE"},"content":{"rendered":"<p><a href=\"http:\/\/www.sudoestehoje.com.br\/novoportal\/wp-content\/uploads\/2018\/08\/darq.png\"><img loading=\"lazy\" decoding=\"async\" class=\"aligncenter size-medium wp-image-74170\" src=\"http:\/\/www.sudoestehoje.com.br\/novoportal\/wp-content\/uploads\/2018\/08\/darq-500x384.png\" alt=\"\" width=\"500\" height=\"384\" srcset=\"https:\/\/www.sudoestehoje.com.br\/novoportal\/wp-content\/uploads\/2018\/08\/darq-500x384.png 500w, https:\/\/www.sudoestehoje.com.br\/novoportal\/wp-content\/uploads\/2018\/08\/darq.png 580w\" sizes=\"auto, (max-width: 500px) 100vw, 500px\" \/><\/a><\/p>\n<p>Em Itarantim a vereadora Darquinha Gusm\u00e3o (PSB) apresentou um projeto de lei proibindo o uso de capacete ou equipamentos similares, na zona urbana do munic\u00edpio. A vereadora alega o aumento da viol\u00eancia na cidade.<\/p>\n<p>No projeto, a vereadora pretende realizar audi\u00eancias publicar para ouvir a popula\u00e7\u00e3o sobre o tema. S\u00f3 depois o projeto ser\u00e1 colocado em vota\u00e7\u00e3o na c\u00e2mara.<\/p>\n<p>O blog consultou alguns advogados, que foram unanimes:<\/p>\n<p>\u201cEsse projeto \u00e9 inconstitucional e n\u00e3o cabe a uma lei municipal derrubar algo federal. Grande parte da popula\u00e7\u00e3o apoia a ideia, por conta da criminalidade, mas a c\u00e2mara n\u00e3o pode ir contra a legisla\u00e7\u00e3o\u201d, comentou um advogado. \/\/<em>Pol\u00edticos do Sul<\/em><\/p>\n","protected":false},"excerpt":{"rendered":"<p>Em Itarantim a vereadora Darquinha Gusm\u00e3o (PSB) apresentou um projeto de lei proibindo o uso de capacete ou equipamentos similares, na zona urbana do munic\u00edpio. A vereadora alega o aumento da viol\u00eancia na cidade. No projeto, a vereadora pretende realizar audi\u00eancias publicar para ouvir a popula\u00e7\u00e3o sobre o tema. S\u00f3 depois o projeto ser\u00e1 colocado [&hellip;]<\/p>\n","protected":false},"author":2,"featured_media":74169,"comment_status":"open","ping_status":"open","sticky":false,"template":"","format":"standard","meta":{"footnotes":"","_links_to":"","_links_to_target":""},"categories":[1],"tags":[],"class_list":["post-74168","post","type-post","status-publish","format-standard","has-post-thumbnail","hentry","category-geral"],"views":1290,"_links":{"self":[{"href":"https:\/\/www.sudoestehoje.com.br\/novoportal\/wp-json\/wp\/v2\/posts\/74168","targetHints":{"allow":["GET"]}}],"collection":[{"href":"https:\/\/www.sudoestehoje.com.br\/novoportal\/wp-json\/wp\/v2\/posts"}],"about":[{"href":"https:\/\/www.sudoestehoje.com.br\/novoportal\/wp-json\/wp\/v2\/types\/post"}],"author":[{"embeddable":true,"href":"https:\/\/www.sudoestehoje.com.br\/novoportal\/wp-json\/wp\/v2\/users\/2"}],"replies":[{"embeddable":true,"href":"https:\/\/www.sudoestehoje.com.br\/novoportal\/wp-json\/wp\/v2\/comments?post=74168"}],"version-history":[{"count":1,"href":"https:\/\/www.sudoestehoje.com.br\/novoportal\/wp-json\/wp\/v2\/posts\/74168\/revisions"}],"predecessor-version":[{"id":74171,"href":"https:\/\/www.sudoestehoje.com.br\/novoportal\/wp-json\/wp\/v2\/posts\/74168\/revisions\/74171"}],"wp:featuredmedia":[{"embeddable":true,"href":"https:\/\/www.sudoestehoje.com.br\/novoportal\/wp-json\/wp\/v2\/media\/74169"}],"wp:attachment":[{"href":"https:\/\/www.sudoestehoje.com.br\/novoportal\/wp-json\/wp\/v2\/media?parent=74168"}],"wp:term":[{"taxonomy":"category","embeddable":true,"href":"https:\/\/www.sudoestehoje.com.br\/novoportal\/wp-json\/wp\/v2\/categories?post=74168"},{"taxonomy":"post_tag","embeddable":true,"href":"https:\/\/www.sudoestehoje.com.br\/novoportal\/wp-json\/wp\/v2\/tags?post=74168"}],"curies":[{"name":"wp","href":"https:\/\/api.w.org\/{rel}","templated":true}]}}