
{"id":74161,"date":"2018-08-09T17:15:45","date_gmt":"2018-08-09T20:15:45","guid":{"rendered":"http:\/\/www.sudoestehoje.com.br\/novoportal\/?p=74161"},"modified":"2018-08-09T17:15:45","modified_gmt":"2018-08-09T20:15:45","slug":"presidenciaveis-participam-do-1o-debate-na-tv-nesta-quinta-na-band","status":"publish","type":"post","link":"https:\/\/www.sudoestehoje.com.br\/novoportal\/2018\/08\/09\/presidenciaveis-participam-do-1o-debate-na-tv-nesta-quinta-na-band\/","title":{"rendered":"PRESIDENCI\u00c1VEIS PARTICIPAM DO 1\u00ba DEBATE NA TV NESTA QUINTA NA BAND"},"content":{"rendered":"<p><a href=\"http:\/\/www.sudoestehoje.com.br\/novoportal\/wp-content\/uploads\/2018\/08\/montagem-eleicao.jpg\"><img loading=\"lazy\" decoding=\"async\" class=\"aligncenter size-medium wp-image-74163\" src=\"http:\/\/www.sudoestehoje.com.br\/novoportal\/wp-content\/uploads\/2018\/08\/montagem-eleicao-500x333.jpg\" alt=\"\" width=\"500\" height=\"333\" srcset=\"https:\/\/www.sudoestehoje.com.br\/novoportal\/wp-content\/uploads\/2018\/08\/montagem-eleicao-500x333.jpg 500w, https:\/\/www.sudoestehoje.com.br\/novoportal\/wp-content\/uploads\/2018\/08\/montagem-eleicao.jpg 680w\" sizes=\"auto, (max-width: 500px) 100vw, 500px\" \/><\/a><\/p>\n<p>O primeiro\u00a0debate\u00a0entre os\u00a0candidatos\u00a0\u00e0 Presid\u00eancia da Rep\u00fablica nas\u00a0elei\u00e7\u00f5es de 2018\u00a0acontece nesta quinta-feira, \u00e0s 22h, na\u00a0TV Bandeirantes.\u00a0V\u00e3o participar os candidatos de todos os partidos com representa\u00e7\u00e3o na C\u00e2mara dos Deputados.<\/p>\n<p>Alvaro Dias\u00a0(Podemos), Cabo Daciolo (Patriota),\u00a0Geraldo Alckmin(PSDB),\u00a0Marina Silva\u00a0(Rede),\u00a0Jair Bolsonaro\u00a0(PSL),\u00a0Guilherme Boulos\u00a0(PSOL),\u00a0Henrique Meirelles\u00a0(MDB) e\u00a0Ciro Gomes\u00a0(PDT). A media\u00e7\u00e3o ser\u00e1 feita pelo jornalista Ricardo Boechat.<\/p>\n<p>O ex-presidente\u00a0Lula, candidato do PT, n\u00e3o poder\u00e1 participar porque n\u00e3o conseguiu autoriza\u00e7\u00e3o judicial para deixar a sede da Pol\u00edcia Federal em Curitiba, onde est\u00e1 preso desde o dia 7 de abril em raz\u00e3o de sua condena\u00e7\u00e3o na Opera\u00e7\u00e3o Lava Jato. Um recurso da legenda ainda n\u00e3o foi julgado.<\/p>\n<p>Conforme as regras estabelecidas junto aos partidos, a emissora n\u00e3o aceitou a indica\u00e7\u00e3o de Fernando Haddad, indicado a vice, para representar o ex-presidente.<\/p>\n","protected":false},"excerpt":{"rendered":"<p>O primeiro\u00a0debate\u00a0entre os\u00a0candidatos\u00a0\u00e0 Presid\u00eancia da Rep\u00fablica nas\u00a0elei\u00e7\u00f5es de 2018\u00a0acontece nesta quinta-feira, \u00e0s 22h, na\u00a0TV Bandeirantes.\u00a0V\u00e3o participar os candidatos de todos os partidos com representa\u00e7\u00e3o na C\u00e2mara dos Deputados. Alvaro Dias\u00a0(Podemos), Cabo Daciolo (Patriota),\u00a0Geraldo Alckmin(PSDB),\u00a0Marina Silva\u00a0(Rede),\u00a0Jair Bolsonaro\u00a0(PSL),\u00a0Guilherme Boulos\u00a0(PSOL),\u00a0Henrique Meirelles\u00a0(MDB) e\u00a0Ciro Gomes\u00a0(PDT). A media\u00e7\u00e3o ser\u00e1 feita pelo jornalista Ricardo Boechat. O ex-presidente\u00a0Lula, candidato do PT, n\u00e3o poder\u00e1 [&hellip;]<\/p>\n","protected":false},"author":2,"featured_media":74163,"comment_status":"open","ping_status":"open","sticky":false,"template":"","format":"standard","meta":{"footnotes":"","_links_to":"","_links_to_target":""},"categories":[1],"tags":[],"class_list":["post-74161","post","type-post","status-publish","format-standard","has-post-thumbnail","hentry","category-geral"],"views":1141,"_links":{"self":[{"href":"https:\/\/www.sudoestehoje.com.br\/novoportal\/wp-json\/wp\/v2\/posts\/74161","targetHints":{"allow":["GET"]}}],"collection":[{"href":"https:\/\/www.sudoestehoje.com.br\/novoportal\/wp-json\/wp\/v2\/posts"}],"about":[{"href":"https:\/\/www.sudoestehoje.com.br\/novoportal\/wp-json\/wp\/v2\/types\/post"}],"author":[{"embeddable":true,"href":"https:\/\/www.sudoestehoje.com.br\/novoportal\/wp-json\/wp\/v2\/users\/2"}],"replies":[{"embeddable":true,"href":"https:\/\/www.sudoestehoje.com.br\/novoportal\/wp-json\/wp\/v2\/comments?post=74161"}],"version-history":[{"count":2,"href":"https:\/\/www.sudoestehoje.com.br\/novoportal\/wp-json\/wp\/v2\/posts\/74161\/revisions"}],"predecessor-version":[{"id":74164,"href":"https:\/\/www.sudoestehoje.com.br\/novoportal\/wp-json\/wp\/v2\/posts\/74161\/revisions\/74164"}],"wp:featuredmedia":[{"embeddable":true,"href":"https:\/\/www.sudoestehoje.com.br\/novoportal\/wp-json\/wp\/v2\/media\/74163"}],"wp:attachment":[{"href":"https:\/\/www.sudoestehoje.com.br\/novoportal\/wp-json\/wp\/v2\/media?parent=74161"}],"wp:term":[{"taxonomy":"category","embeddable":true,"href":"https:\/\/www.sudoestehoje.com.br\/novoportal\/wp-json\/wp\/v2\/categories?post=74161"},{"taxonomy":"post_tag","embeddable":true,"href":"https:\/\/www.sudoestehoje.com.br\/novoportal\/wp-json\/wp\/v2\/tags?post=74161"}],"curies":[{"name":"wp","href":"https:\/\/api.w.org\/{rel}","templated":true}]}}