
{"id":74129,"date":"2018-08-07T20:50:01","date_gmt":"2018-08-07T23:50:01","guid":{"rendered":"http:\/\/www.sudoestehoje.com.br\/novoportal\/?p=74129"},"modified":"2018-08-07T20:50:01","modified_gmt":"2018-08-07T23:50:01","slug":"geraldo-alckmin-tera-mais-da-metade-do-tempo-da-propaganda-eleitoral-na-tv","status":"publish","type":"post","link":"https:\/\/www.sudoestehoje.com.br\/novoportal\/2018\/08\/07\/geraldo-alckmin-tera-mais-da-metade-do-tempo-da-propaganda-eleitoral-na-tv\/","title":{"rendered":"GERALDO ALCKMIN TER\u00c1 MAIS DA METADE DO TEMPO DA PROPAGANDA ELEITORAL NA TV"},"content":{"rendered":"<p><a href=\"http:\/\/www.sudoestehoje.com.br\/novoportal\/wp-content\/uploads\/2018\/08\/geraldo-A.jpg\"><img loading=\"lazy\" decoding=\"async\" class=\"aligncenter size-medium wp-image-74130\" src=\"http:\/\/www.sudoestehoje.com.br\/novoportal\/wp-content\/uploads\/2018\/08\/geraldo-A-500x281.jpg\" alt=\"\" width=\"500\" height=\"281\" srcset=\"https:\/\/www.sudoestehoje.com.br\/novoportal\/wp-content\/uploads\/2018\/08\/geraldo-A-500x281.jpg 500w, https:\/\/www.sudoestehoje.com.br\/novoportal\/wp-content\/uploads\/2018\/08\/geraldo-A-768x431.jpg 768w, https:\/\/www.sudoestehoje.com.br\/novoportal\/wp-content\/uploads\/2018\/08\/geraldo-A-700x393.jpg 700w, https:\/\/www.sudoestehoje.com.br\/novoportal\/wp-content\/uploads\/2018\/08\/geraldo-A.jpg 890w\" sizes=\"auto, (max-width: 500px) 100vw, 500px\" \/><\/a><\/p>\n<p>O pr\u00e9-candidato \u00e0 Presid\u00eancia, Geraldo Alckmin (PSDB), ter\u00e1 mais da metade do tempo de televis\u00e3o no hor\u00e1rio eleitoral. A ampla alian\u00e7a do tucano permite que ele tenha dispon\u00edvel 6 minutos e 3 segundos de propaganda no ar. A chapa Lula\/Fernando Haddad, pr\u00e9-candidatos do PT, ter\u00e1 apenas 2 minutos e 7 segundos. Henrique Meirelles (MDB) ter\u00e1 apenas 1 minuto e 38 segundos.<\/p>\n<p>Os outros principais candidatos ficaram com os seguintes tempos: \u00c1lvaro Dias (Podemos) ter\u00e1 33 segundos; Ciro Gomes (PDT) tamb\u00e9m ter\u00e1 33; e Marina Silva (Rede) fica com 16 segundos. \u00a0O favorito nas pesquisas Jair Bolsonaro (PSL), por sua vez, ter\u00e1 apenas 8 segundos e meio no ar.<\/p>\n<p>Todos os outros pr\u00e9-candidatos ficaram com menos de 15 segundos. Ao todo, 14 nomes se lan\u00e7aram na corrida ao Pal\u00e1cio do Planalto. O levantamento pode sofrer altera\u00e7\u00f5es at\u00e9 a homologa\u00e7\u00e3o das candidaturas, caso surjam novas alian\u00e7as. \/\/<em>Boc\u00e3o News<\/em><\/p>\n","protected":false},"excerpt":{"rendered":"<p>O pr\u00e9-candidato \u00e0 Presid\u00eancia, Geraldo Alckmin (PSDB), ter\u00e1 mais da metade do tempo de televis\u00e3o no hor\u00e1rio eleitoral. A ampla alian\u00e7a do tucano permite que ele tenha dispon\u00edvel 6 minutos e 3 segundos de propaganda no ar. A chapa Lula\/Fernando Haddad, pr\u00e9-candidatos do PT, ter\u00e1 apenas 2 minutos e 7 segundos. Henrique Meirelles (MDB) ter\u00e1 [&hellip;]<\/p>\n","protected":false},"author":2,"featured_media":74130,"comment_status":"open","ping_status":"open","sticky":false,"template":"","format":"standard","meta":{"footnotes":"","_links_to":"","_links_to_target":""},"categories":[1],"tags":[],"class_list":["post-74129","post","type-post","status-publish","format-standard","has-post-thumbnail","hentry","category-geral"],"views":1008,"_links":{"self":[{"href":"https:\/\/www.sudoestehoje.com.br\/novoportal\/wp-json\/wp\/v2\/posts\/74129","targetHints":{"allow":["GET"]}}],"collection":[{"href":"https:\/\/www.sudoestehoje.com.br\/novoportal\/wp-json\/wp\/v2\/posts"}],"about":[{"href":"https:\/\/www.sudoestehoje.com.br\/novoportal\/wp-json\/wp\/v2\/types\/post"}],"author":[{"embeddable":true,"href":"https:\/\/www.sudoestehoje.com.br\/novoportal\/wp-json\/wp\/v2\/users\/2"}],"replies":[{"embeddable":true,"href":"https:\/\/www.sudoestehoje.com.br\/novoportal\/wp-json\/wp\/v2\/comments?post=74129"}],"version-history":[{"count":2,"href":"https:\/\/www.sudoestehoje.com.br\/novoportal\/wp-json\/wp\/v2\/posts\/74129\/revisions"}],"predecessor-version":[{"id":74132,"href":"https:\/\/www.sudoestehoje.com.br\/novoportal\/wp-json\/wp\/v2\/posts\/74129\/revisions\/74132"}],"wp:featuredmedia":[{"embeddable":true,"href":"https:\/\/www.sudoestehoje.com.br\/novoportal\/wp-json\/wp\/v2\/media\/74130"}],"wp:attachment":[{"href":"https:\/\/www.sudoestehoje.com.br\/novoportal\/wp-json\/wp\/v2\/media?parent=74129"}],"wp:term":[{"taxonomy":"category","embeddable":true,"href":"https:\/\/www.sudoestehoje.com.br\/novoportal\/wp-json\/wp\/v2\/categories?post=74129"},{"taxonomy":"post_tag","embeddable":true,"href":"https:\/\/www.sudoestehoje.com.br\/novoportal\/wp-json\/wp\/v2\/tags?post=74129"}],"curies":[{"name":"wp","href":"https:\/\/api.w.org\/{rel}","templated":true}]}}