
{"id":74111,"date":"2018-08-06T20:51:04","date_gmt":"2018-08-06T23:51:04","guid":{"rendered":"http:\/\/www.sudoestehoje.com.br\/novoportal\/?p=74111"},"modified":"2018-08-06T20:51:04","modified_gmt":"2018-08-06T23:51:04","slug":"ricardo-eletro-entra-em-recuperacao-judicial-e-deve-mudar-de-nome","status":"publish","type":"post","link":"https:\/\/www.sudoestehoje.com.br\/novoportal\/2018\/08\/06\/ricardo-eletro-entra-em-recuperacao-judicial-e-deve-mudar-de-nome\/","title":{"rendered":"RICARDO ELETRO ENTRA EM RECUPERA\u00c7\u00c3O JUDICIAL E DEVE MUDAR DE NOME"},"content":{"rendered":"<p><a href=\"http:\/\/www.sudoestehoje.com.br\/novoportal\/wp-content\/uploads\/2018\/08\/IMAGEM_NOTICIA_0.jpg\"><img loading=\"lazy\" decoding=\"async\" class=\"aligncenter size-medium wp-image-74112\" src=\"http:\/\/www.sudoestehoje.com.br\/novoportal\/wp-content\/uploads\/2018\/08\/IMAGEM_NOTICIA_0-500x281.jpg\" alt=\"\" width=\"500\" height=\"281\" srcset=\"https:\/\/www.sudoestehoje.com.br\/novoportal\/wp-content\/uploads\/2018\/08\/IMAGEM_NOTICIA_0-500x281.jpg 500w, https:\/\/www.sudoestehoje.com.br\/novoportal\/wp-content\/uploads\/2018\/08\/IMAGEM_NOTICIA_0-768x431.jpg 768w, https:\/\/www.sudoestehoje.com.br\/novoportal\/wp-content\/uploads\/2018\/08\/IMAGEM_NOTICIA_0-700x393.jpg 700w, https:\/\/www.sudoestehoje.com.br\/novoportal\/wp-content\/uploads\/2018\/08\/IMAGEM_NOTICIA_0.jpg 890w\" sizes=\"auto, (max-width: 500px) 100vw, 500px\" \/><\/a><\/p>\n<p>A varejista M\u00e1quina de Vendas, conhecida pela bandeira Ricardo Eletro, est\u00e1 pr\u00f3xima de anunciar a sua recupera\u00e7\u00e3o extrajudicial. Com d\u00edvidas de R$ 2,5 bilh\u00f5es, a empresa deve fechar o acordo com os seus credores at\u00e9 o fim do m\u00eas, de acordo com levantamento da revista Exame. Assim que confirmado o acordo com credores, a M\u00e1quina de Vendas deve receber um aporte de R$ 500 milh\u00f5es\u00a0do fundo americano Apollo, que se tornar\u00e1 controlador da empresa.<\/p>\n<p>Pelo menos por enquanto, o controlador Ricardo Nunes seguir\u00e1 no comando da varejista. Mas, segundo EXAME apurou, ele pode ser substitu\u00eddo ao longo do ano. Nunes \u00e9 o maior acionista da M\u00e1quina de Vendas com 55%, seguido de Luiz Carlos Batista, antigo propriet\u00e1rio da varejista Insinuante, com 42%.<\/p>\n<p>Com ou sem Nunes na presid\u00eancia, o primeiro objetivo \u00e9 arrumar a casa. No primeiro semestre, houve uma retra\u00e7\u00e3o de 25% nas vendas, impactadas tamb\u00e9m pela crise econ\u00f4mica e pela greve dos caminhoneiros.<\/p>\n","protected":false},"excerpt":{"rendered":"<p>A varejista M\u00e1quina de Vendas, conhecida pela bandeira Ricardo Eletro, est\u00e1 pr\u00f3xima de anunciar a sua recupera\u00e7\u00e3o extrajudicial. Com d\u00edvidas de R$ 2,5 bilh\u00f5es, a empresa deve fechar o acordo com os seus credores at\u00e9 o fim do m\u00eas, de acordo com levantamento da revista Exame. Assim que confirmado o acordo com credores, a M\u00e1quina [&hellip;]<\/p>\n","protected":false},"author":2,"featured_media":74112,"comment_status":"open","ping_status":"open","sticky":false,"template":"","format":"standard","meta":{"footnotes":"","_links_to":"","_links_to_target":""},"categories":[1],"tags":[],"class_list":["post-74111","post","type-post","status-publish","format-standard","has-post-thumbnail","hentry","category-geral"],"views":1621,"_links":{"self":[{"href":"https:\/\/www.sudoestehoje.com.br\/novoportal\/wp-json\/wp\/v2\/posts\/74111","targetHints":{"allow":["GET"]}}],"collection":[{"href":"https:\/\/www.sudoestehoje.com.br\/novoportal\/wp-json\/wp\/v2\/posts"}],"about":[{"href":"https:\/\/www.sudoestehoje.com.br\/novoportal\/wp-json\/wp\/v2\/types\/post"}],"author":[{"embeddable":true,"href":"https:\/\/www.sudoestehoje.com.br\/novoportal\/wp-json\/wp\/v2\/users\/2"}],"replies":[{"embeddable":true,"href":"https:\/\/www.sudoestehoje.com.br\/novoportal\/wp-json\/wp\/v2\/comments?post=74111"}],"version-history":[{"count":1,"href":"https:\/\/www.sudoestehoje.com.br\/novoportal\/wp-json\/wp\/v2\/posts\/74111\/revisions"}],"predecessor-version":[{"id":74113,"href":"https:\/\/www.sudoestehoje.com.br\/novoportal\/wp-json\/wp\/v2\/posts\/74111\/revisions\/74113"}],"wp:featuredmedia":[{"embeddable":true,"href":"https:\/\/www.sudoestehoje.com.br\/novoportal\/wp-json\/wp\/v2\/media\/74112"}],"wp:attachment":[{"href":"https:\/\/www.sudoestehoje.com.br\/novoportal\/wp-json\/wp\/v2\/media?parent=74111"}],"wp:term":[{"taxonomy":"category","embeddable":true,"href":"https:\/\/www.sudoestehoje.com.br\/novoportal\/wp-json\/wp\/v2\/categories?post=74111"},{"taxonomy":"post_tag","embeddable":true,"href":"https:\/\/www.sudoestehoje.com.br\/novoportal\/wp-json\/wp\/v2\/tags?post=74111"}],"curies":[{"name":"wp","href":"https:\/\/api.w.org\/{rel}","templated":true}]}}