
{"id":741,"date":"2010-10-01T09:23:39","date_gmt":"2010-10-01T12:23:39","guid":{"rendered":"http:\/\/sudoestehoje.tempsite.ws\/novoportal\/?p=741"},"modified":"2010-10-01T10:14:17","modified_gmt":"2010-10-01T13:14:17","slug":"eleicoesitapetinga-se-prevalecer-a-logica-da-paulo-souto","status":"publish","type":"post","link":"https:\/\/www.sudoestehoje.com.br\/novoportal\/2010\/10\/01\/eleicoesitapetinga-se-prevalecer-a-logica-da-paulo-souto\/","title":{"rendered":"Elei\u00e7\u00f5es\/Itapetinga: Se prevalecer a l\u00f3gica, d\u00e1 Paulo Souto"},"content":{"rendered":"<p style=\"text-align: center;\"><img decoding=\"async\" src=\"http:\/\/www.ozildoalves.com.br\/media\/upload\/img_publicacoes\/%7B08B694C1-2442-4DD0-A175-4E76F9C42579%7D_PAULO-SOUTO-E-GEDDEL-TENTAM-ENFRAQUECER-JAQUES-WAGNER.jpg\" alt=\"\" \/><\/p>\n<p style=\"text-align: center;\">Souto e Geddel devem ser os mais votados em Itapetinga<\/p>\n<p>ITAPETINGA: As elei\u00e7\u00f5es para governo do Estado, em Itapetinga, t\u00eam uma caracter\u00edstica diferente das demais cidades baianas, onde o governador Wagner deve ganhar f\u00e1cil, segundo demonstram as pesquisas eleitorais.<\/p>\n<p>Aqui, a l\u00f3gica \u00e9 outra, pois a presen\u00e7a administrativa da era Paulo Souto ainda \u00e9 marcante, devendo render-lhe uma vit\u00f3ria expressiva nestas elei\u00e7\u00f5es. O efeito &#8216;Azal\u00e9ia&#8217; continua forte na mem\u00f3ria da popula\u00e7\u00e3o, que reconhece o seu decisivo empenho para trazer essa important\u00edssima industria para Itapetinga e cidades vizinhas. A gera\u00e7\u00e3o de cerca de 20 mil empregos diretos transformou a economia local e regional.<\/p>\n<p>Geddel vem logo atr\u00e1s, embalado pelos fi\u00e9s e obstinados &#8216;gabirabas&#8217;. Na sua gest\u00e3o como Ministro da Integra\u00e7\u00e3o Nacional, fez de tudo para ajudar o seu correligion\u00e1rio Michel Hagge,\u00a0carreando expressivos recursos para a cidade, principalmente na \u00e1rea de saneamento b\u00e1sico. Infelizmente, as obras n\u00e3o tiveram continuidade, devido \u00e0 m\u00e1 gest\u00e3o do atual prefeito Jos\u00e9 Carlos Moura, e os recursos se perderam no mar da incompet\u00eancia e despreparo da atual administra\u00e7\u00e3o. Geddel vem forte e deve disputar com Paulo Souto a lideran\u00e7a na vota\u00e7\u00e3o local.<\/p>\n<p>Wagner \u00e9 uma hist\u00f3ria \u00e0 parte. Come\u00e7ou o seu governo rasgando elogios ao\u00a0&#8216;amigo&#8217; Michel, com quem teria &#8216;comido poeira&#8217; na sua &#8216;improv\u00e1vel&#8217; elei\u00e7\u00e3o em 2006, mas acabou deixando o velho &#8216;gabiraba&#8217; na m\u00e3o. At\u00e9 na distribui\u00e7\u00e3o dos cargos do Estado, foi injusto com o PMDB, contemplando o seu amigo Rosemberg, que nunca havia obtido um voto sequer por estas bandas. Iludiu a inexperiente deputada Virginia Hagge, com pequenos agrados e defer\u00eancias pessoais, mas n\u00e3o trouxe nenhum benef\u00edcio de peso para a cidade. Fez o mesmo com o neo-petista Z\u00e9 Carlos, atual prefeito, e hoje sente vergonha\u00a0de subir no palanque em Itapetinga. Se o eleitorado tiver mem\u00f3ria cr\u00edtica, Wagner deve sair derrotado em Itapetinga, por m\u00e9rito pr\u00f3prio e de seus aliados locais.<\/p>\n<p>Davi Ferraz &#8211; Editor<\/p>\n","protected":false},"excerpt":{"rendered":"<p>Souto e Geddel devem ser os mais votados em Itapetinga ITAPETINGA: As elei\u00e7\u00f5es para governo do Estado, em Itapetinga, t\u00eam uma caracter\u00edstica diferente das demais cidades baianas, onde o governador Wagner deve ganhar f\u00e1cil, segundo demonstram as pesquisas eleitorais. Aqui, a l\u00f3gica \u00e9 outra, pois a presen\u00e7a administrativa da era Paulo Souto ainda \u00e9 marcante, [&hellip;]<\/p>\n","protected":false},"author":2,"featured_media":0,"comment_status":"open","ping_status":"open","sticky":false,"template":"","format":"standard","meta":{"footnotes":"","_links_to":"","_links_to_target":""},"categories":[10],"tags":[],"class_list":["post-741","post","type-post","status-publish","format-standard","hentry","category-itapetinga"],"views":1270,"_links":{"self":[{"href":"https:\/\/www.sudoestehoje.com.br\/novoportal\/wp-json\/wp\/v2\/posts\/741","targetHints":{"allow":["GET"]}}],"collection":[{"href":"https:\/\/www.sudoestehoje.com.br\/novoportal\/wp-json\/wp\/v2\/posts"}],"about":[{"href":"https:\/\/www.sudoestehoje.com.br\/novoportal\/wp-json\/wp\/v2\/types\/post"}],"author":[{"embeddable":true,"href":"https:\/\/www.sudoestehoje.com.br\/novoportal\/wp-json\/wp\/v2\/users\/2"}],"replies":[{"embeddable":true,"href":"https:\/\/www.sudoestehoje.com.br\/novoportal\/wp-json\/wp\/v2\/comments?post=741"}],"version-history":[{"count":4,"href":"https:\/\/www.sudoestehoje.com.br\/novoportal\/wp-json\/wp\/v2\/posts\/741\/revisions"}],"predecessor-version":[{"id":744,"href":"https:\/\/www.sudoestehoje.com.br\/novoportal\/wp-json\/wp\/v2\/posts\/741\/revisions\/744"}],"wp:attachment":[{"href":"https:\/\/www.sudoestehoje.com.br\/novoportal\/wp-json\/wp\/v2\/media?parent=741"}],"wp:term":[{"taxonomy":"category","embeddable":true,"href":"https:\/\/www.sudoestehoje.com.br\/novoportal\/wp-json\/wp\/v2\/categories?post=741"},{"taxonomy":"post_tag","embeddable":true,"href":"https:\/\/www.sudoestehoje.com.br\/novoportal\/wp-json\/wp\/v2\/tags?post=741"}],"curies":[{"name":"wp","href":"https:\/\/api.w.org\/{rel}","templated":true}]}}