
{"id":74095,"date":"2018-08-06T00:54:50","date_gmt":"2018-08-06T03:54:50","guid":{"rendered":"http:\/\/www.sudoestehoje.com.br\/novoportal\/?p=74095"},"modified":"2018-08-06T00:54:50","modified_gmt":"2018-08-06T03:54:50","slug":"eleicoes-haddad-sera-vice-na-chapa-de-lula-diz-pt-nas-rede-sociais","status":"publish","type":"post","link":"https:\/\/www.sudoestehoje.com.br\/novoportal\/2018\/08\/06\/eleicoes-haddad-sera-vice-na-chapa-de-lula-diz-pt-nas-rede-sociais\/","title":{"rendered":"ELEI\u00c7\u00d5ES: HADDAD SER\u00c1 VICE NA CHAPA DE LULA, DIZ PT NAS REDE SOCIAIS"},"content":{"rendered":"<div class=\"mc-column content-text active-extra-styles active-capital-letter\" data-block-type=\"unstyled\" data-block-weight=\"28\" data-block-id=\"2\">\n<p class=\"content-text__container theme-color-primary-first-letter\" data-track-category=\"Link no Texto\" data-track-links=\"\"><a href=\"http:\/\/www.sudoestehoje.com.br\/novoportal\/wp-content\/uploads\/2018\/08\/HADDAD.jpg\"><img loading=\"lazy\" decoding=\"async\" class=\"aligncenter size-medium wp-image-74096\" src=\"http:\/\/www.sudoestehoje.com.br\/novoportal\/wp-content\/uploads\/2018\/08\/HADDAD-500x244.jpg\" alt=\"\" width=\"500\" height=\"244\" srcset=\"https:\/\/www.sudoestehoje.com.br\/novoportal\/wp-content\/uploads\/2018\/08\/HADDAD-500x244.jpg 500w, https:\/\/www.sudoestehoje.com.br\/novoportal\/wp-content\/uploads\/2018\/08\/HADDAD.jpg 615w\" sizes=\"auto, (max-width: 500px) 100vw, 500px\" \/><\/a><\/p>\n<p class=\"content-text__container theme-color-primary-first-letter\" data-track-category=\"Link no Texto\" data-track-links=\"\">O ex-prefeito de S\u00e3o Paulo Fernando Haddad (PT) ser\u00e1 candidato a vice-presidente na chapa com Luiz In\u00e1cio Lula da Silva (PT) na disputa presidencial da elei\u00e7\u00e3o de 2018.<\/p>\n<\/div>\n<div class=\"wall\">\n<div class=\"mc-column content-text active-extra-styles \" data-block-type=\"unstyled\" data-block-weight=\"14\" data-block-id=\"3\">\n<p class=\"content-text__container \" data-track-category=\"Link no Texto\" data-track-links=\"\">A informa\u00e7\u00e3o foi confirmada na noite deste domingo (5) nas redes sociais do partido.<\/p>\n<\/div>\n<div class=\"mc-column content-text active-extra-styles \" data-block-type=\"unstyled\" data-block-weight=\"29\" data-block-id=\"4\">\n<p class=\"content-text__container \" data-track-category=\"Link no Texto\" data-track-links=\"\">O Tribunal Superior Eleitoral (TSE) reafirmou que este domingo (5) \u00e9 o prazo final para a escolha dos candidatos\u00a0por meio das conven\u00e7\u00f5es partid\u00e1rias, incluindo o candidato a vice-presidente.<\/p>\n<\/div>\n<div class=\"mc-column content-text active-extra-styles \" data-block-type=\"unstyled\" data-block-weight=\"44\" data-block-id=\"5\">\n<p class=\"content-text__container \" data-track-category=\"Link no Texto\" data-track-links=\"\">A candidatura de Lula\u00a0foi oficializada na tarde deste s\u00e1bado (4), durante a conven\u00e7\u00e3o nacional do partido, na Liberdade, no Centro da capital paulista. Na ocasi\u00e3o, a legenda anunciou apenas o nome de Lula na disputa, sem revelar quem ocuparia a vaga de vice. \/\/G1<\/p>\n<\/div>\n<\/div>\n","protected":false},"excerpt":{"rendered":"<p>O ex-prefeito de S\u00e3o Paulo Fernando Haddad (PT) ser\u00e1 candidato a vice-presidente na chapa com Luiz In\u00e1cio Lula da Silva (PT) na disputa presidencial da elei\u00e7\u00e3o de 2018. A informa\u00e7\u00e3o foi confirmada na noite deste domingo (5) nas redes sociais do partido. O Tribunal Superior Eleitoral (TSE) reafirmou que este domingo (5) \u00e9 o prazo [&hellip;]<\/p>\n","protected":false},"author":2,"featured_media":74096,"comment_status":"open","ping_status":"open","sticky":false,"template":"","format":"standard","meta":{"footnotes":"","_links_to":"","_links_to_target":""},"categories":[1],"tags":[],"class_list":["post-74095","post","type-post","status-publish","format-standard","has-post-thumbnail","hentry","category-geral"],"views":1075,"_links":{"self":[{"href":"https:\/\/www.sudoestehoje.com.br\/novoportal\/wp-json\/wp\/v2\/posts\/74095","targetHints":{"allow":["GET"]}}],"collection":[{"href":"https:\/\/www.sudoestehoje.com.br\/novoportal\/wp-json\/wp\/v2\/posts"}],"about":[{"href":"https:\/\/www.sudoestehoje.com.br\/novoportal\/wp-json\/wp\/v2\/types\/post"}],"author":[{"embeddable":true,"href":"https:\/\/www.sudoestehoje.com.br\/novoportal\/wp-json\/wp\/v2\/users\/2"}],"replies":[{"embeddable":true,"href":"https:\/\/www.sudoestehoje.com.br\/novoportal\/wp-json\/wp\/v2\/comments?post=74095"}],"version-history":[{"count":2,"href":"https:\/\/www.sudoestehoje.com.br\/novoportal\/wp-json\/wp\/v2\/posts\/74095\/revisions"}],"predecessor-version":[{"id":74098,"href":"https:\/\/www.sudoestehoje.com.br\/novoportal\/wp-json\/wp\/v2\/posts\/74095\/revisions\/74098"}],"wp:featuredmedia":[{"embeddable":true,"href":"https:\/\/www.sudoestehoje.com.br\/novoportal\/wp-json\/wp\/v2\/media\/74096"}],"wp:attachment":[{"href":"https:\/\/www.sudoestehoje.com.br\/novoportal\/wp-json\/wp\/v2\/media?parent=74095"}],"wp:term":[{"taxonomy":"category","embeddable":true,"href":"https:\/\/www.sudoestehoje.com.br\/novoportal\/wp-json\/wp\/v2\/categories?post=74095"},{"taxonomy":"post_tag","embeddable":true,"href":"https:\/\/www.sudoestehoje.com.br\/novoportal\/wp-json\/wp\/v2\/tags?post=74095"}],"curies":[{"name":"wp","href":"https:\/\/api.w.org\/{rel}","templated":true}]}}