
{"id":74085,"date":"2018-08-05T20:07:46","date_gmt":"2018-08-05T23:07:46","guid":{"rendered":"http:\/\/www.sudoestehoje.com.br\/novoportal\/?p=74085"},"modified":"2018-08-05T20:07:46","modified_gmt":"2018-08-05T23:07:46","slug":"itapetinga-faleceu-neste-sabado-a-pequena-luma-kelly-de-3-anos-de-idade","status":"publish","type":"post","link":"https:\/\/www.sudoestehoje.com.br\/novoportal\/2018\/08\/05\/itapetinga-faleceu-neste-sabado-a-pequena-luma-kelly-de-3-anos-de-idade\/","title":{"rendered":"ITAPETINGA: FALECEU, NESTE S\u00c1BADO A PEQUENA LUMA KELLY, DE 3 ANOS DE IDADE"},"content":{"rendered":"<p><a href=\"http:\/\/www.sudoestehoje.com.br\/novoportal\/wp-content\/uploads\/2018\/08\/luma..jpg\"><img loading=\"lazy\" decoding=\"async\" class=\"aligncenter size-medium wp-image-74088\" src=\"http:\/\/www.sudoestehoje.com.br\/novoportal\/wp-content\/uploads\/2018\/08\/luma.-500x310.jpg\" alt=\"\" width=\"500\" height=\"310\" \/><\/a><\/p>\n<p>Faleceu na manh\u00e3 desse s\u00e1bado (4), v\u00edtima de um c\u00e2ncer , a crian\u00e7a Luma Kelly, de 3 anos, moradora da Rua Vasco da Gama, Bairro Primavera, em Itapetinga.<\/p>\n<p>Segundo informa\u00e7\u00f5es do Blog Itapetinga Agora, Luma se encontrava em Salvador onde realizava o tratamento oncol\u00f3gico contra a doen\u00e7a, que se alojou no c\u00e9rebro.<\/p>\n<p>O corpo da crian\u00e7a foi velado nesse domingo em sua resid\u00eancia, pr\u00f3ximo ao\u00a0Parque da Lagoa, em Itapetinga, e sepultado no Cemit\u00e9rio Parque da Eternidade.<\/p>\n<p>O Sudoeste Hoje manifesta aos familiares de Luma o seu pesar pela prematura e inestim\u00e1vel perda.<\/p>\n<p><em><strong>Davi Ferraz<\/strong><\/em><\/p>\n","protected":false},"excerpt":{"rendered":"<p>Faleceu na manh\u00e3 desse s\u00e1bado (4), v\u00edtima de um c\u00e2ncer , a crian\u00e7a Luma Kelly, de 3 anos, moradora da Rua Vasco da Gama, Bairro Primavera, em Itapetinga. Segundo informa\u00e7\u00f5es do Blog Itapetinga Agora, Luma se encontrava em Salvador onde realizava o tratamento oncol\u00f3gico contra a doen\u00e7a, que se alojou no c\u00e9rebro. O corpo da [&hellip;]<\/p>\n","protected":false},"author":2,"featured_media":74088,"comment_status":"open","ping_status":"open","sticky":false,"template":"","format":"standard","meta":{"footnotes":"","_links_to":"","_links_to_target":""},"categories":[1],"tags":[],"class_list":["post-74085","post","type-post","status-publish","format-standard","has-post-thumbnail","hentry","category-geral"],"views":9951,"_links":{"self":[{"href":"https:\/\/www.sudoestehoje.com.br\/novoportal\/wp-json\/wp\/v2\/posts\/74085","targetHints":{"allow":["GET"]}}],"collection":[{"href":"https:\/\/www.sudoestehoje.com.br\/novoportal\/wp-json\/wp\/v2\/posts"}],"about":[{"href":"https:\/\/www.sudoestehoje.com.br\/novoportal\/wp-json\/wp\/v2\/types\/post"}],"author":[{"embeddable":true,"href":"https:\/\/www.sudoestehoje.com.br\/novoportal\/wp-json\/wp\/v2\/users\/2"}],"replies":[{"embeddable":true,"href":"https:\/\/www.sudoestehoje.com.br\/novoportal\/wp-json\/wp\/v2\/comments?post=74085"}],"version-history":[{"count":3,"href":"https:\/\/www.sudoestehoje.com.br\/novoportal\/wp-json\/wp\/v2\/posts\/74085\/revisions"}],"predecessor-version":[{"id":74089,"href":"https:\/\/www.sudoestehoje.com.br\/novoportal\/wp-json\/wp\/v2\/posts\/74085\/revisions\/74089"}],"wp:featuredmedia":[{"embeddable":true,"href":"https:\/\/www.sudoestehoje.com.br\/novoportal\/wp-json\/wp\/v2\/media\/74088"}],"wp:attachment":[{"href":"https:\/\/www.sudoestehoje.com.br\/novoportal\/wp-json\/wp\/v2\/media?parent=74085"}],"wp:term":[{"taxonomy":"category","embeddable":true,"href":"https:\/\/www.sudoestehoje.com.br\/novoportal\/wp-json\/wp\/v2\/categories?post=74085"},{"taxonomy":"post_tag","embeddable":true,"href":"https:\/\/www.sudoestehoje.com.br\/novoportal\/wp-json\/wp\/v2\/tags?post=74085"}],"curies":[{"name":"wp","href":"https:\/\/api.w.org\/{rel}","templated":true}]}}