
{"id":74077,"date":"2018-08-05T11:23:51","date_gmt":"2018-08-05T14:23:51","guid":{"rendered":"http:\/\/www.sudoestehoje.com.br\/novoportal\/?p=74077"},"modified":"2018-08-05T20:10:27","modified_gmt":"2018-08-05T23:10:27","slug":"davi-se-retrata-com-rosemberg-na-justica","status":"publish","type":"post","link":"https:\/\/www.sudoestehoje.com.br\/novoportal\/2018\/08\/05\/davi-se-retrata-com-rosemberg-na-justica\/","title":{"rendered":"DAVI SE RETRATA COM ROSEMBERG NA JUSTI\u00c7A"},"content":{"rendered":"<p>&#8220;Referente \u00e0 not\u00edcia veiculada na R\u00e1dio Fascina\u00e7\u00e3o, no programa Na Boca do Povo, do radialista Valdomiro Mota, em que Davi afirmava que o deputado Rosemberg Pinto usou recursos da Petrobras para financiar a campanha do prefeito Jos\u00e9 Carlos Moura. Em audi\u00eancia no Juizado Especial Davi se retrata dessa ofensa desferida contra o deputado, causa de inj\u00faria e difama\u00e7\u00e3o, vez que a alega\u00e7\u00e3o do uso de recursos s\u00e3o infundadas e sem embasamento na realidade&#8221;.<\/p>\n","protected":false},"excerpt":{"rendered":"<p>&#8220;Referente \u00e0 not\u00edcia veiculada na R\u00e1dio Fascina\u00e7\u00e3o, no programa Na Boca do Povo, do radialista Valdomiro Mota, em que Davi afirmava que o deputado Rosemberg Pinto usou recursos da Petrobras para financiar a campanha do prefeito Jos\u00e9 Carlos Moura. Em audi\u00eancia no Juizado Especial Davi se retrata dessa ofensa desferida contra o deputado, causa de [&hellip;]<\/p>\n","protected":false},"author":2,"featured_media":0,"comment_status":"open","ping_status":"open","sticky":false,"template":"","format":"standard","meta":{"footnotes":"","_links_to":"","_links_to_target":""},"categories":[1],"tags":[],"class_list":["post-74077","post","type-post","status-publish","format-standard","hentry","category-geral"],"views":1533,"_links":{"self":[{"href":"https:\/\/www.sudoestehoje.com.br\/novoportal\/wp-json\/wp\/v2\/posts\/74077","targetHints":{"allow":["GET"]}}],"collection":[{"href":"https:\/\/www.sudoestehoje.com.br\/novoportal\/wp-json\/wp\/v2\/posts"}],"about":[{"href":"https:\/\/www.sudoestehoje.com.br\/novoportal\/wp-json\/wp\/v2\/types\/post"}],"author":[{"embeddable":true,"href":"https:\/\/www.sudoestehoje.com.br\/novoportal\/wp-json\/wp\/v2\/users\/2"}],"replies":[{"embeddable":true,"href":"https:\/\/www.sudoestehoje.com.br\/novoportal\/wp-json\/wp\/v2\/comments?post=74077"}],"version-history":[{"count":2,"href":"https:\/\/www.sudoestehoje.com.br\/novoportal\/wp-json\/wp\/v2\/posts\/74077\/revisions"}],"predecessor-version":[{"id":74079,"href":"https:\/\/www.sudoestehoje.com.br\/novoportal\/wp-json\/wp\/v2\/posts\/74077\/revisions\/74079"}],"wp:attachment":[{"href":"https:\/\/www.sudoestehoje.com.br\/novoportal\/wp-json\/wp\/v2\/media?parent=74077"}],"wp:term":[{"taxonomy":"category","embeddable":true,"href":"https:\/\/www.sudoestehoje.com.br\/novoportal\/wp-json\/wp\/v2\/categories?post=74077"},{"taxonomy":"post_tag","embeddable":true,"href":"https:\/\/www.sudoestehoje.com.br\/novoportal\/wp-json\/wp\/v2\/tags?post=74077"}],"curies":[{"name":"wp","href":"https:\/\/api.w.org\/{rel}","templated":true}]}}