
{"id":74065,"date":"2018-08-05T12:55:05","date_gmt":"2018-08-05T15:55:05","guid":{"rendered":"http:\/\/www.sudoestehoje.com.br\/novoportal\/?p=74065"},"modified":"2018-08-05T12:55:05","modified_gmt":"2018-08-05T15:55:05","slug":"seminario-de-pedagogia-uesb-2018","status":"publish","type":"post","link":"https:\/\/www.sudoestehoje.com.br\/novoportal\/2018\/08\/05\/seminario-de-pedagogia-uesb-2018\/","title":{"rendered":"SEMIN\u00c1RIO DE PEDAGOGIA UESB 2018"},"content":{"rendered":"<p><a href=\"http:\/\/www.sudoestehoje.com.br\/novoportal\/wp-content\/uploads\/2018\/08\/uesb.png\"><img loading=\"lazy\" decoding=\"async\" class=\"aligncenter size-medium wp-image-74067\" src=\"http:\/\/www.sudoestehoje.com.br\/novoportal\/wp-content\/uploads\/2018\/08\/uesb-500x250.png\" alt=\"\" width=\"500\" height=\"250\" srcset=\"https:\/\/www.sudoestehoje.com.br\/novoportal\/wp-content\/uploads\/2018\/08\/uesb-500x250.png 500w, https:\/\/www.sudoestehoje.com.br\/novoportal\/wp-content\/uploads\/2018\/08\/uesb-768x384.png 768w, https:\/\/www.sudoestehoje.com.br\/novoportal\/wp-content\/uploads\/2018\/08\/uesb-700x350.png 700w, https:\/\/www.sudoestehoje.com.br\/novoportal\/wp-content\/uploads\/2018\/08\/uesb.png 800w\" sizes=\"auto, (max-width: 500px) 100vw, 500px\" \/><\/a><\/p>\n<p>A realiza\u00e7\u00e3o deste semin\u00e1rio traz os resultados das pesquisas e esfor\u00e7os empreendidos pelos estagi\u00e1rios do curso de Pedagogia, constru\u00eddos em espa\u00e7os educativos formais e n\u00e3o formais, cuja pr\u00e1xis educativa, oportunizou a lidar com o fen\u00f4meno da invisibilidade, uma das atuais formas de manifesta\u00e7\u00e3o de preconceitos, que atinge t\u00e3o somente aqueles que est\u00e3o a margem da sociedade.<\/p>\n<p>Como tal fen\u00f4meno integra as dimens\u00f5es sociais de Itapetinga\u2013BA, bem como de seu entorno, para fomentar a troca de conhecimento, o evento \u00e9 apresentado n\u00e3o apenas ao p\u00fablico acad\u00eamico, mas tamb\u00e9m aos professores estudantes e comunidade em\u00a0 geral, que tenha interesse em nos ajudar na constru\u00e7\u00e3o de um espa\u00e7o dial\u00f3gico, prof\u00edcuo e propositivo, que oportunize um maior esclarecimento sobre os referentes te\u00f3ricos e pr\u00e1ticos que permeiam a educa\u00e7\u00e3o no trato sobre o tema,<\/p>\n<p><strong>Objetivo<\/strong><\/p>\n<ul>\n<li>Debater sobre os processos de ensino e pesquisa na escola-campo\/centro de educa\u00e7\u00e3o infantil\/creches, ou em outros espa\u00e7os, estabelecendo formas de atua\u00e7\u00e3o em espa\u00e7os escolares formais e n\u00e3o formais.<\/li>\n<li><\/li>\n<li>Tratar sobre as causas e consequ\u00eancias da invisibilidade social do sujeito a partir das narrativas e hist\u00f3rias dos estagi\u00e1rios envolvidos nas pesquisas.<\/li>\n<li><span style=\"color: #0000ff;\"><strong><a style=\"color: #0000ff;\" href=\"http:\/\/www.sudoestehoje.com.br\/novoportal\/wp-content\/uploads\/2018\/08\/folder-Seminario-2018-X.pdf\">Confira Folder Seminario- 2018 X<\/a><\/strong><\/span><\/li>\n<\/ul>\n<p>Inscreva-se pelo email:\u00a0<span style=\"color: #0000ff;\"><strong><a style=\"color: #0000ff;\" href=\"mailto:uesbseminariodeestagio@gmail.com\">uesbseminariodeestagio@gmail.com<\/a><\/strong><\/span><\/p>\n","protected":false},"excerpt":{"rendered":"<p>A realiza\u00e7\u00e3o deste semin\u00e1rio traz os resultados das pesquisas e esfor\u00e7os empreendidos pelos estagi\u00e1rios do curso de Pedagogia, constru\u00eddos em espa\u00e7os educativos formais e n\u00e3o formais, cuja pr\u00e1xis educativa, oportunizou a lidar com o fen\u00f4meno da invisibilidade, uma das atuais formas de manifesta\u00e7\u00e3o de preconceitos, que atinge t\u00e3o somente aqueles que est\u00e3o a margem da [&hellip;]<\/p>\n","protected":false},"author":2,"featured_media":74067,"comment_status":"open","ping_status":"open","sticky":false,"template":"","format":"standard","meta":{"footnotes":"","_links_to":"","_links_to_target":""},"categories":[1],"tags":[],"class_list":["post-74065","post","type-post","status-publish","format-standard","has-post-thumbnail","hentry","category-geral"],"views":2046,"_links":{"self":[{"href":"https:\/\/www.sudoestehoje.com.br\/novoportal\/wp-json\/wp\/v2\/posts\/74065","targetHints":{"allow":["GET"]}}],"collection":[{"href":"https:\/\/www.sudoestehoje.com.br\/novoportal\/wp-json\/wp\/v2\/posts"}],"about":[{"href":"https:\/\/www.sudoestehoje.com.br\/novoportal\/wp-json\/wp\/v2\/types\/post"}],"author":[{"embeddable":true,"href":"https:\/\/www.sudoestehoje.com.br\/novoportal\/wp-json\/wp\/v2\/users\/2"}],"replies":[{"embeddable":true,"href":"https:\/\/www.sudoestehoje.com.br\/novoportal\/wp-json\/wp\/v2\/comments?post=74065"}],"version-history":[{"count":4,"href":"https:\/\/www.sudoestehoje.com.br\/novoportal\/wp-json\/wp\/v2\/posts\/74065\/revisions"}],"predecessor-version":[{"id":74071,"href":"https:\/\/www.sudoestehoje.com.br\/novoportal\/wp-json\/wp\/v2\/posts\/74065\/revisions\/74071"}],"wp:featuredmedia":[{"embeddable":true,"href":"https:\/\/www.sudoestehoje.com.br\/novoportal\/wp-json\/wp\/v2\/media\/74067"}],"wp:attachment":[{"href":"https:\/\/www.sudoestehoje.com.br\/novoportal\/wp-json\/wp\/v2\/media?parent=74065"}],"wp:term":[{"taxonomy":"category","embeddable":true,"href":"https:\/\/www.sudoestehoje.com.br\/novoportal\/wp-json\/wp\/v2\/categories?post=74065"},{"taxonomy":"post_tag","embeddable":true,"href":"https:\/\/www.sudoestehoje.com.br\/novoportal\/wp-json\/wp\/v2\/tags?post=74065"}],"curies":[{"name":"wp","href":"https:\/\/api.w.org\/{rel}","templated":true}]}}