
{"id":74051,"date":"2018-08-04T21:57:01","date_gmt":"2018-08-05T00:57:01","guid":{"rendered":"http:\/\/www.sudoestehoje.com.br\/novoportal\/?p=74051"},"modified":"2018-08-05T18:01:57","modified_gmt":"2018-08-05T21:01:57","slug":"federacao-baiana-faz-lancamento-oficial-do-intermunicipal-2018-jogos-comecam-dia-12","status":"publish","type":"post","link":"https:\/\/www.sudoestehoje.com.br\/novoportal\/2018\/08\/04\/federacao-baiana-faz-lancamento-oficial-do-intermunicipal-2018-jogos-comecam-dia-12\/","title":{"rendered":"FEDERA\u00c7\u00c3O BAIANA FAZ LAN\u00c7AMENTO OFICIAL DO INTERMUNICIPAL 2018; JOGOS COME\u00c7AM DIA 12"},"content":{"rendered":"<p><a href=\"http:\/\/www.sudoestehoje.com.br\/novoportal\/wp-content\/uploads\/2018\/08\/fbf.jpg\"><img loading=\"lazy\" decoding=\"async\" class=\"aligncenter size-medium wp-image-74056\" src=\"http:\/\/www.sudoestehoje.com.br\/novoportal\/wp-content\/uploads\/2018\/08\/fbf-500x333.jpg\" alt=\"\" width=\"500\" height=\"333\" srcset=\"https:\/\/www.sudoestehoje.com.br\/novoportal\/wp-content\/uploads\/2018\/08\/fbf-500x333.jpg 500w, https:\/\/www.sudoestehoje.com.br\/novoportal\/wp-content\/uploads\/2018\/08\/fbf-768x512.jpg 768w, https:\/\/www.sudoestehoje.com.br\/novoportal\/wp-content\/uploads\/2018\/08\/fbf-700x466.jpg 700w, https:\/\/www.sudoestehoje.com.br\/novoportal\/wp-content\/uploads\/2018\/08\/fbf.jpg 800w\" sizes=\"auto, (max-width: 500px) 100vw, 500px\" \/><\/a><\/p>\n<p>Prepare o seu cora\u00e7\u00e3o, torcedor. Chegou o momento mais esperado pelos baianos do interior. \u00c9 hora de vibrar com as emo\u00e7\u00f5es da 61\u00aa edi\u00e7\u00e3o da maior competi\u00e7\u00e3o de futebol amador do pa\u00eds.<\/p>\n<p>O Intermunicipal 2018 foi oficialmente lan\u00e7ado na manh\u00e3 deste s\u00e1bado (4). O tradicional Congresso T\u00e9cnico reuniu presidentes e representantes de Ligas participantes e convidadas, treinadores, atletas, autoridades pol\u00edticas e do esporte e profissionais de imprensa no Wish Hotel da Bahia, no Campo Grande, em Salvador.<\/p>\n<p>Diante de uma plateia lotada, o que mais uma vez comprova a grandeza e import\u00e2ncia do campeonato, a Federa\u00e7\u00e3o Bahiana de Futebol anunciou os grupos regionalizados da primeira fase, a tabela completa de jogos e detalhes do certame.<\/p>\n<p><a href=\"http:\/\/www.sudoestehoje.com.br\/novoportal\/wp-content\/uploads\/2018\/08\/enio-e-portelinha.jpg\"><img loading=\"lazy\" decoding=\"async\" class=\"aligncenter size-medium wp-image-74072\" src=\"http:\/\/www.sudoestehoje.com.br\/novoportal\/wp-content\/uploads\/2018\/08\/enio-e-portelinha-500x375.jpg\" alt=\"\" width=\"500\" height=\"375\" srcset=\"https:\/\/www.sudoestehoje.com.br\/novoportal\/wp-content\/uploads\/2018\/08\/enio-e-portelinha-500x375.jpg 500w, https:\/\/www.sudoestehoje.com.br\/novoportal\/wp-content\/uploads\/2018\/08\/enio-e-portelinha-768x576.jpg 768w, https:\/\/www.sudoestehoje.com.br\/novoportal\/wp-content\/uploads\/2018\/08\/enio-e-portelinha-700x525.jpg 700w, https:\/\/www.sudoestehoje.com.br\/novoportal\/wp-content\/uploads\/2018\/08\/enio-e-portelinha.jpg 960w\" sizes=\"auto, (max-width: 500px) 100vw, 500px\" \/><\/a><\/p>\n<p>A bola come\u00e7a a rolar no pr\u00f3ximo domingo (12), com o duelo de abertura entre a atual campe\u00e3, Eun\u00e1polis, e Macarani, \u00e0s 10h30, em Eun\u00e1polis. No mesmo dia, \u00e0s 15h, as demais Sele\u00e7\u00f5es entram em campo para o complemento da 1\u00aa rodada.<\/p>\n<p>A sele\u00e7\u00e3o de Itapetinga iniciar\u00e1 a competi\u00e7\u00e3o no Grupo 15, ao lado das sele\u00e7\u00f5es de Eun\u00e1polis, Macarani e Pau Brasil.<\/p>\n<p><span style=\"color: #0000ff;\"><strong><a style=\"color: #0000ff;\" href=\"http:\/\/www.fbf.org.br\/ckfinder\/userfiles\/files\/reg_inter2018_030818.pdf\">Confira Regulamento, Grupos e Tabela<\/a><\/strong><\/span><\/p>\n<p><strong><em>Reda\u00e7\u00e3o<\/em><\/strong><\/p>\n","protected":false},"excerpt":{"rendered":"<p>Prepare o seu cora\u00e7\u00e3o, torcedor. Chegou o momento mais esperado pelos baianos do interior. \u00c9 hora de vibrar com as emo\u00e7\u00f5es da 61\u00aa edi\u00e7\u00e3o da maior competi\u00e7\u00e3o de futebol amador do pa\u00eds. O Intermunicipal 2018 foi oficialmente lan\u00e7ado na manh\u00e3 deste s\u00e1bado (4). O tradicional Congresso T\u00e9cnico reuniu presidentes e representantes de Ligas participantes e [&hellip;]<\/p>\n","protected":false},"author":2,"featured_media":74056,"comment_status":"open","ping_status":"open","sticky":false,"template":"","format":"standard","meta":{"footnotes":"","_links_to":"","_links_to_target":""},"categories":[1],"tags":[],"class_list":["post-74051","post","type-post","status-publish","format-standard","has-post-thumbnail","hentry","category-geral"],"views":1189,"_links":{"self":[{"href":"https:\/\/www.sudoestehoje.com.br\/novoportal\/wp-json\/wp\/v2\/posts\/74051","targetHints":{"allow":["GET"]}}],"collection":[{"href":"https:\/\/www.sudoestehoje.com.br\/novoportal\/wp-json\/wp\/v2\/posts"}],"about":[{"href":"https:\/\/www.sudoestehoje.com.br\/novoportal\/wp-json\/wp\/v2\/types\/post"}],"author":[{"embeddable":true,"href":"https:\/\/www.sudoestehoje.com.br\/novoportal\/wp-json\/wp\/v2\/users\/2"}],"replies":[{"embeddable":true,"href":"https:\/\/www.sudoestehoje.com.br\/novoportal\/wp-json\/wp\/v2\/comments?post=74051"}],"version-history":[{"count":10,"href":"https:\/\/www.sudoestehoje.com.br\/novoportal\/wp-json\/wp\/v2\/posts\/74051\/revisions"}],"predecessor-version":[{"id":74073,"href":"https:\/\/www.sudoestehoje.com.br\/novoportal\/wp-json\/wp\/v2\/posts\/74051\/revisions\/74073"}],"wp:featuredmedia":[{"embeddable":true,"href":"https:\/\/www.sudoestehoje.com.br\/novoportal\/wp-json\/wp\/v2\/media\/74056"}],"wp:attachment":[{"href":"https:\/\/www.sudoestehoje.com.br\/novoportal\/wp-json\/wp\/v2\/media?parent=74051"}],"wp:term":[{"taxonomy":"category","embeddable":true,"href":"https:\/\/www.sudoestehoje.com.br\/novoportal\/wp-json\/wp\/v2\/categories?post=74051"},{"taxonomy":"post_tag","embeddable":true,"href":"https:\/\/www.sudoestehoje.com.br\/novoportal\/wp-json\/wp\/v2\/tags?post=74051"}],"curies":[{"name":"wp","href":"https:\/\/api.w.org\/{rel}","templated":true}]}}