
{"id":74040,"date":"2018-08-04T20:13:45","date_gmt":"2018-08-04T23:13:45","guid":{"rendered":"http:\/\/www.sudoestehoje.com.br\/novoportal\/?p=74040"},"modified":"2018-08-04T20:13:45","modified_gmt":"2018-08-04T23:13:45","slug":"campanha-de-vacinacao-contra-sarampo-e-paralisia-infantil-e-iniciada-em-itapetinga","status":"publish","type":"post","link":"https:\/\/www.sudoestehoje.com.br\/novoportal\/2018\/08\/04\/campanha-de-vacinacao-contra-sarampo-e-paralisia-infantil-e-iniciada-em-itapetinga\/","title":{"rendered":"CAMPANHA DE VACINA\u00c7\u00c3O CONTRA SARAMPO E PARALISIA INFANTIL \u00c9 INICIADA EM ITAPETINGA"},"content":{"rendered":"<p><a href=\"http:\/\/www.sudoestehoje.com.br\/novoportal\/wp-content\/uploads\/2018\/08\/VACINA.jpg\"><img loading=\"lazy\" decoding=\"async\" class=\"aligncenter size-medium wp-image-74046\" src=\"http:\/\/www.sudoestehoje.com.br\/novoportal\/wp-content\/uploads\/2018\/08\/VACINA-500x243.jpg\" alt=\"\" width=\"500\" height=\"243\" srcset=\"https:\/\/www.sudoestehoje.com.br\/novoportal\/wp-content\/uploads\/2018\/08\/VACINA-500x243.jpg 500w, https:\/\/www.sudoestehoje.com.br\/novoportal\/wp-content\/uploads\/2018\/08\/VACINA-768x373.jpg 768w, https:\/\/www.sudoestehoje.com.br\/novoportal\/wp-content\/uploads\/2018\/08\/VACINA-700x340.jpg 700w, https:\/\/www.sudoestehoje.com.br\/novoportal\/wp-content\/uploads\/2018\/08\/VACINA.jpg 960w\" sizes=\"auto, (max-width: 500px) 100vw, 500px\" \/><\/a><\/p>\n<p>A Secretaria de Sa\u00fade de Itapetinga deu in\u00edcio, neste s\u00e1bado (4), \u00e0 campanha de vacina\u00e7\u00e3o contra o sarampo e a paralisia infantil (poliomielite). A meta \u00e9 imunizar crian\u00e7as com idade entre 1 ano e menores de 5, p\u00fablico mais suscet\u00edvel a complica\u00e7\u00f5es de ambas as doen\u00e7as.<\/p>\n<p>A mobiliza\u00e7\u00e3o come\u00e7ou com um \u201cDia D\u201d extra de vacina\u00e7\u00e3o. As Unidades B\u00e1sicas de Sa\u00fade (UBSs), que abrem de segunda a sexta-feira, estiveram abertas na manh\u00e3 deste s\u00e1bado. Al\u00e9m disso, no quiosque do 12 de Dezembro, uma equipe volante atendeu crian\u00e7as dos residenciais e bairros da regi\u00e3o.<\/p>\n<p>Uma parceria com o Rotary Club permitiu que o munic\u00edpio realizasse uma das maiores campanhas de vacina\u00e7\u00e3o com atendimentos em diversos pontos ao mesmo tempo. Presente nos pontos de vacina\u00e7\u00e3o, o secret\u00e1rio Danylo Pat\u00eas acompanhou o primeiro dia da campanha, certo de que a meta de cobertura ser\u00e1 batida.<\/p>\n<p><a href=\"http:\/\/www.sudoestehoje.com.br\/novoportal\/wp-content\/uploads\/2018\/08\/VACINA-1.jpg\"><img loading=\"lazy\" decoding=\"async\" class=\"aligncenter size-medium wp-image-74045\" src=\"http:\/\/www.sudoestehoje.com.br\/novoportal\/wp-content\/uploads\/2018\/08\/VACINA-1-500x243.jpg\" alt=\"\" width=\"500\" height=\"243\" srcset=\"https:\/\/www.sudoestehoje.com.br\/novoportal\/wp-content\/uploads\/2018\/08\/VACINA-1-500x243.jpg 500w, https:\/\/www.sudoestehoje.com.br\/novoportal\/wp-content\/uploads\/2018\/08\/VACINA-1-768x373.jpg 768w, https:\/\/www.sudoestehoje.com.br\/novoportal\/wp-content\/uploads\/2018\/08\/VACINA-1-700x340.jpg 700w, https:\/\/www.sudoestehoje.com.br\/novoportal\/wp-content\/uploads\/2018\/08\/VACINA-1.jpg 960w\" sizes=\"auto, (max-width: 500px) 100vw, 500px\" \/><\/a><\/p>\n<p>O Dia D de mobiliza\u00e7\u00e3o est\u00e1 previsto para 18 de agosto em todos os postos de sa\u00fade do munic\u00edpio e em residenciais e \u00e1reas descobertas atrav\u00e9s de um \u00f4nibus de vacina\u00e7\u00e3o itinerante. \/\/<em>Ascom<\/em><\/p>\n","protected":false},"excerpt":{"rendered":"<p>A Secretaria de Sa\u00fade de Itapetinga deu in\u00edcio, neste s\u00e1bado (4), \u00e0 campanha de vacina\u00e7\u00e3o contra o sarampo e a paralisia infantil (poliomielite). A meta \u00e9 imunizar crian\u00e7as com idade entre 1 ano e menores de 5, p\u00fablico mais suscet\u00edvel a complica\u00e7\u00f5es de ambas as doen\u00e7as. A mobiliza\u00e7\u00e3o come\u00e7ou com um \u201cDia D\u201d extra de [&hellip;]<\/p>\n","protected":false},"author":2,"featured_media":74046,"comment_status":"open","ping_status":"open","sticky":false,"template":"","format":"standard","meta":{"footnotes":"","_links_to":"","_links_to_target":""},"categories":[1],"tags":[],"class_list":["post-74040","post","type-post","status-publish","format-standard","has-post-thumbnail","hentry","category-geral"],"views":1041,"_links":{"self":[{"href":"https:\/\/www.sudoestehoje.com.br\/novoportal\/wp-json\/wp\/v2\/posts\/74040","targetHints":{"allow":["GET"]}}],"collection":[{"href":"https:\/\/www.sudoestehoje.com.br\/novoportal\/wp-json\/wp\/v2\/posts"}],"about":[{"href":"https:\/\/www.sudoestehoje.com.br\/novoportal\/wp-json\/wp\/v2\/types\/post"}],"author":[{"embeddable":true,"href":"https:\/\/www.sudoestehoje.com.br\/novoportal\/wp-json\/wp\/v2\/users\/2"}],"replies":[{"embeddable":true,"href":"https:\/\/www.sudoestehoje.com.br\/novoportal\/wp-json\/wp\/v2\/comments?post=74040"}],"version-history":[{"count":6,"href":"https:\/\/www.sudoestehoje.com.br\/novoportal\/wp-json\/wp\/v2\/posts\/74040\/revisions"}],"predecessor-version":[{"id":74048,"href":"https:\/\/www.sudoestehoje.com.br\/novoportal\/wp-json\/wp\/v2\/posts\/74040\/revisions\/74048"}],"wp:featuredmedia":[{"embeddable":true,"href":"https:\/\/www.sudoestehoje.com.br\/novoportal\/wp-json\/wp\/v2\/media\/74046"}],"wp:attachment":[{"href":"https:\/\/www.sudoestehoje.com.br\/novoportal\/wp-json\/wp\/v2\/media?parent=74040"}],"wp:term":[{"taxonomy":"category","embeddable":true,"href":"https:\/\/www.sudoestehoje.com.br\/novoportal\/wp-json\/wp\/v2\/categories?post=74040"},{"taxonomy":"post_tag","embeddable":true,"href":"https:\/\/www.sudoestehoje.com.br\/novoportal\/wp-json\/wp\/v2\/tags?post=74040"}],"curies":[{"name":"wp","href":"https:\/\/api.w.org\/{rel}","templated":true}]}}