
{"id":74036,"date":"2018-08-04T19:56:46","date_gmt":"2018-08-04T22:56:46","guid":{"rendered":"http:\/\/www.sudoestehoje.com.br\/novoportal\/?p=74036"},"modified":"2018-08-04T21:09:58","modified_gmt":"2018-08-05T00:09:58","slug":"mesmo-inelegivel-lula-e-confirmado-como-candidato-em-convencao-do-pt","status":"publish","type":"post","link":"https:\/\/www.sudoestehoje.com.br\/novoportal\/2018\/08\/04\/mesmo-inelegivel-lula-e-confirmado-como-candidato-em-convencao-do-pt\/","title":{"rendered":"PRESO E INELEG\u00cdVEL, LULA \u00c9 CONFIRMADO COMO CANDIDATO A PRESIDENTE EM CONVEN\u00c7\u00c3O DO PT"},"content":{"rendered":"<p><a href=\"http:\/\/www.sudoestehoje.com.br\/novoportal\/wp-content\/uploads\/2018\/08\/lula-cand.jpg\"><img loading=\"lazy\" decoding=\"async\" class=\"aligncenter size-medium wp-image-74038\" src=\"http:\/\/www.sudoestehoje.com.br\/novoportal\/wp-content\/uploads\/2018\/08\/lula-cand-500x248.jpg\" alt=\"\" width=\"500\" height=\"248\" srcset=\"https:\/\/www.sudoestehoje.com.br\/novoportal\/wp-content\/uploads\/2018\/08\/lula-cand-500x248.jpg 500w, https:\/\/www.sudoestehoje.com.br\/novoportal\/wp-content\/uploads\/2018\/08\/lula-cand-768x381.jpg 768w, https:\/\/www.sudoestehoje.com.br\/novoportal\/wp-content\/uploads\/2018\/08\/lula-cand-700x347.jpg 700w, https:\/\/www.sudoestehoje.com.br\/novoportal\/wp-content\/uploads\/2018\/08\/lula-cand.jpg 1110w\" sizes=\"auto, (max-width: 500px) 100vw, 500px\" \/><\/a><\/p>\n<p>O PT confirmou neste s\u00e1bado (4), em S\u00e3o Paulo, a candidatura de Luiz In\u00e1cio Lula da Silva \u00e0 Presid\u00eancia da Rep\u00fablica durante a conven\u00e7\u00e3o nacional. No entanto, o partido n\u00e3o decidiu quem ser\u00e1 o vice na chapa com Lula.<\/p>\n<p>Durante o evento ficou definido que ser\u00e3o realizadas caravanas saindo de todos os estados at\u00e9 Bras\u00edlia no dia 15 de agosto, prazo final para apresenta\u00e7\u00e3o de pedidos de registro de candidaturas ao Tribunal Superior Eleitoral (TSE).<\/p>\n<p>O ex-presidente Luiz In\u00e1cio Lula da Silva est\u00e1 preso em Curitiba, desde 7 de abril, ap\u00f3s ter sido condenado a 12 anos e um m\u00eas de pris\u00e3o por corrup\u00e7\u00e3o e lavagem de dinheiro, em segunda inst\u00e2ncia, no caso do triplex de Guaruj\u00e1.<\/p>\n<p>De acordo com a Lei do Ficha Limpa, o ex-presidente \u00e9 ineleg\u00edvel e sua candidatura poder\u00e1 ser impugnada no TSE.<\/p>\n","protected":false},"excerpt":{"rendered":"<p>O PT confirmou neste s\u00e1bado (4), em S\u00e3o Paulo, a candidatura de Luiz In\u00e1cio Lula da Silva \u00e0 Presid\u00eancia da Rep\u00fablica durante a conven\u00e7\u00e3o nacional. No entanto, o partido n\u00e3o decidiu quem ser\u00e1 o vice na chapa com Lula. Durante o evento ficou definido que ser\u00e3o realizadas caravanas saindo de todos os estados at\u00e9 Bras\u00edlia [&hellip;]<\/p>\n","protected":false},"author":2,"featured_media":74038,"comment_status":"open","ping_status":"open","sticky":false,"template":"","format":"standard","meta":{"footnotes":"","_links_to":"","_links_to_target":""},"categories":[1],"tags":[],"class_list":["post-74036","post","type-post","status-publish","format-standard","has-post-thumbnail","hentry","category-geral"],"views":934,"_links":{"self":[{"href":"https:\/\/www.sudoestehoje.com.br\/novoportal\/wp-json\/wp\/v2\/posts\/74036","targetHints":{"allow":["GET"]}}],"collection":[{"href":"https:\/\/www.sudoestehoje.com.br\/novoportal\/wp-json\/wp\/v2\/posts"}],"about":[{"href":"https:\/\/www.sudoestehoje.com.br\/novoportal\/wp-json\/wp\/v2\/types\/post"}],"author":[{"embeddable":true,"href":"https:\/\/www.sudoestehoje.com.br\/novoportal\/wp-json\/wp\/v2\/users\/2"}],"replies":[{"embeddable":true,"href":"https:\/\/www.sudoestehoje.com.br\/novoportal\/wp-json\/wp\/v2\/comments?post=74036"}],"version-history":[{"count":3,"href":"https:\/\/www.sudoestehoje.com.br\/novoportal\/wp-json\/wp\/v2\/posts\/74036\/revisions"}],"predecessor-version":[{"id":74050,"href":"https:\/\/www.sudoestehoje.com.br\/novoportal\/wp-json\/wp\/v2\/posts\/74036\/revisions\/74050"}],"wp:featuredmedia":[{"embeddable":true,"href":"https:\/\/www.sudoestehoje.com.br\/novoportal\/wp-json\/wp\/v2\/media\/74038"}],"wp:attachment":[{"href":"https:\/\/www.sudoestehoje.com.br\/novoportal\/wp-json\/wp\/v2\/media?parent=74036"}],"wp:term":[{"taxonomy":"category","embeddable":true,"href":"https:\/\/www.sudoestehoje.com.br\/novoportal\/wp-json\/wp\/v2\/categories?post=74036"},{"taxonomy":"post_tag","embeddable":true,"href":"https:\/\/www.sudoestehoje.com.br\/novoportal\/wp-json\/wp\/v2\/tags?post=74036"}],"curies":[{"name":"wp","href":"https:\/\/api.w.org\/{rel}","templated":true}]}}