
{"id":74032,"date":"2018-08-04T19:02:22","date_gmt":"2018-08-04T22:02:22","guid":{"rendered":"http:\/\/www.sudoestehoje.com.br\/novoportal\/?p=74032"},"modified":"2018-08-04T19:02:22","modified_gmt":"2018-08-04T22:02:22","slug":"convencao-do-pt-oficializa-rui-costa-como-candidato-ao-governo-da-bahia","status":"publish","type":"post","link":"https:\/\/www.sudoestehoje.com.br\/novoportal\/2018\/08\/04\/convencao-do-pt-oficializa-rui-costa-como-candidato-ao-governo-da-bahia\/","title":{"rendered":"CONVEN\u00c7\u00c3O DO PT OFICIALIZA RUI COSTA COMO CANDIDATO AO GOVERNO DA BAHIA"},"content":{"rendered":"<p><a href=\"http:\/\/www.sudoestehoje.com.br\/novoportal\/wp-content\/uploads\/2018\/08\/Rui-convenc\u0327a\u0303o-1000x530.jpeg\"><img loading=\"lazy\" decoding=\"async\" class=\"aligncenter size-medium wp-image-74034\" src=\"http:\/\/www.sudoestehoje.com.br\/novoportal\/wp-content\/uploads\/2018\/08\/Rui-convenc\u0327a\u0303o-1000x530-500x265.jpeg\" alt=\"\" width=\"500\" height=\"265\" srcset=\"https:\/\/www.sudoestehoje.com.br\/novoportal\/wp-content\/uploads\/2018\/08\/Rui-convenc\u0327a\u0303o-1000x530-500x265.jpeg 500w, https:\/\/www.sudoestehoje.com.br\/novoportal\/wp-content\/uploads\/2018\/08\/Rui-convenc\u0327a\u0303o-1000x530-768x407.jpeg 768w, https:\/\/www.sudoestehoje.com.br\/novoportal\/wp-content\/uploads\/2018\/08\/Rui-convenc\u0327a\u0303o-1000x530-700x371.jpeg 700w, https:\/\/www.sudoestehoje.com.br\/novoportal\/wp-content\/uploads\/2018\/08\/Rui-convenc\u0327a\u0303o-1000x530.jpeg 1000w\" sizes=\"auto, (max-width: 500px) 100vw, 500px\" \/><\/a><\/p>\n<p>O candidato \u00e0 reelei\u00e7\u00e3o ao governo do Estado, Rui Costa (PT), confirmou sua candidatura neste s\u00e1bado (4), durante a conven\u00e7\u00e3o estadual. O atual governador apostou na figura do ex-presidente Luiz In\u00e1cio Lula da Silva no discurso da conven\u00e7\u00e3o e enalteceu o feitos de Lula na pol\u00edtica nacional.<\/p>\n<p>Na quest\u00e3o pol\u00edtica local, pediu voto para os dois candidatos ao Senado na chapa: o ex-governador Jaques Wagner (PT) e o presidente da Assembleia Legislativa da Bahia (AL-BA), Angelo Coronel (PSD).<\/p>\n<p>\u201cPra Bahia seguir em frente, ela precisa dos dois senadores remando a favor da Bahia. Em outros estados, a gente via senador boicotando seu estado, porque ele era advers\u00e1rio politico do governador\u201d, declarou.<\/p>\n","protected":false},"excerpt":{"rendered":"<p>O candidato \u00e0 reelei\u00e7\u00e3o ao governo do Estado, Rui Costa (PT), confirmou sua candidatura neste s\u00e1bado (4), durante a conven\u00e7\u00e3o estadual. O atual governador apostou na figura do ex-presidente Luiz In\u00e1cio Lula da Silva no discurso da conven\u00e7\u00e3o e enalteceu o feitos de Lula na pol\u00edtica nacional. Na quest\u00e3o pol\u00edtica local, pediu voto para os [&hellip;]<\/p>\n","protected":false},"author":2,"featured_media":74034,"comment_status":"open","ping_status":"open","sticky":false,"template":"","format":"standard","meta":{"footnotes":"","_links_to":"","_links_to_target":""},"categories":[1],"tags":[],"class_list":["post-74032","post","type-post","status-publish","format-standard","has-post-thumbnail","hentry","category-geral"],"views":971,"_links":{"self":[{"href":"https:\/\/www.sudoestehoje.com.br\/novoportal\/wp-json\/wp\/v2\/posts\/74032","targetHints":{"allow":["GET"]}}],"collection":[{"href":"https:\/\/www.sudoestehoje.com.br\/novoportal\/wp-json\/wp\/v2\/posts"}],"about":[{"href":"https:\/\/www.sudoestehoje.com.br\/novoportal\/wp-json\/wp\/v2\/types\/post"}],"author":[{"embeddable":true,"href":"https:\/\/www.sudoestehoje.com.br\/novoportal\/wp-json\/wp\/v2\/users\/2"}],"replies":[{"embeddable":true,"href":"https:\/\/www.sudoestehoje.com.br\/novoportal\/wp-json\/wp\/v2\/comments?post=74032"}],"version-history":[{"count":2,"href":"https:\/\/www.sudoestehoje.com.br\/novoportal\/wp-json\/wp\/v2\/posts\/74032\/revisions"}],"predecessor-version":[{"id":74035,"href":"https:\/\/www.sudoestehoje.com.br\/novoportal\/wp-json\/wp\/v2\/posts\/74032\/revisions\/74035"}],"wp:featuredmedia":[{"embeddable":true,"href":"https:\/\/www.sudoestehoje.com.br\/novoportal\/wp-json\/wp\/v2\/media\/74034"}],"wp:attachment":[{"href":"https:\/\/www.sudoestehoje.com.br\/novoportal\/wp-json\/wp\/v2\/media?parent=74032"}],"wp:term":[{"taxonomy":"category","embeddable":true,"href":"https:\/\/www.sudoestehoje.com.br\/novoportal\/wp-json\/wp\/v2\/categories?post=74032"},{"taxonomy":"post_tag","embeddable":true,"href":"https:\/\/www.sudoestehoje.com.br\/novoportal\/wp-json\/wp\/v2\/tags?post=74032"}],"curies":[{"name":"wp","href":"https:\/\/api.w.org\/{rel}","templated":true}]}}