
{"id":74016,"date":"2018-08-03T18:48:44","date_gmt":"2018-08-03T21:48:44","guid":{"rendered":"http:\/\/www.sudoestehoje.com.br\/novoportal\/?p=74016"},"modified":"2018-08-03T18:52:39","modified_gmt":"2018-08-03T21:52:39","slug":"apos-demissoes-na-renata-mello-e-lia-line-governo-busca-respostas-das-empresas","status":"publish","type":"post","link":"https:\/\/www.sudoestehoje.com.br\/novoportal\/2018\/08\/03\/apos-demissoes-na-renata-mello-e-lia-line-governo-busca-respostas-das-empresas\/","title":{"rendered":"AP\u00d3S DEMISS\u00d5ES NA RENATA MELLO E LIA LINE, GOVERNO BUSCA &#8220;RESPOSTAS&#8221; DAS EMPRESAS"},"content":{"rendered":"<p><a href=\"http:\/\/www.sudoestehoje.com.br\/novoportal\/wp-content\/uploads\/2018\/08\/CAL\u00c7ADOS.jpg\"><img loading=\"lazy\" decoding=\"async\" class=\"aligncenter size-medium wp-image-74017\" src=\"http:\/\/www.sudoestehoje.com.br\/novoportal\/wp-content\/uploads\/2018\/08\/CAL\u00c7ADOS-500x281.jpg\" alt=\"\" width=\"500\" height=\"281\" \/><\/a><\/p>\n<p>Ap\u00f3s den\u00fancia do <strong><em>Sudoeste Hoje<\/em><\/strong>, colocando em cheque a pol\u00edtica de gera\u00e7\u00e3o de empregos do governo do estado no M\u00e9dio Sudoeste, para recuperar o &#8216;baque&#8217; das demiss\u00f5es da Azaleia na regi\u00e3o <a href=\"http:\/\/www.sudoestehoje.com.br\/novoportal\/2018\/08\/01\/urgente-renata-mello-da-aviso-previo-a-210-funcionarios-da-sua-fabrica-em-itapetinga\/\">(<span style=\"color: #0000ff;\">veja aqui<\/span>)<\/a>, a Secretaria de Desenvolvimento Econ\u00f4mico do Estado da Bahia (SDE), procurou o grupo respons\u00e1vel pela f\u00e1brica de cal\u00e7ados que emitiu aviso pr\u00e9vio para cerca de 210 funcion\u00e1rios da unidade de Itapetinga, na \u00faltima quarta-feira (1\u00ba).<\/p>\n<p>De acordo com a pasta, em contato com o presidente do grupo respons\u00e1vel pela f\u00e1brica, Almir Santos, foi informada que 170 funcion\u00e1rios nas unidades de Itapetinga, respons\u00e1veis pela fabrica\u00e7\u00e3o da marca Renata Mello, foram colocados em aviso pr\u00e9vio porque a linha produzida n\u00e3o est\u00e1 sendo vendida, devido \u00e0 crise econ\u00f4mica que assola o pa\u00eds.<\/p>\n<p>Ainda de acordo com a SDE, a empresa est\u00e1 analisando a possibilidade de trazer outro modelo de cal\u00e7ado do grupo, produzido em Santa Catarina, para o galp\u00e3o de Itapetinga. Essa medida evitaria as demiss\u00f5es. Ao governo do Estado, o empres\u00e1rio afirmou que ter\u00e1 uma defini\u00e7\u00e3o concreta sobre essa alternativa em at\u00e9 20 dias.<\/p>\n<p>A Secretaria informou ainda que o grupo Lia Line, instalado no munic\u00edpio de Itoror\u00f3, explicou que os cal\u00e7ados produzidos nesta f\u00e1brica fazem parte de uma linha de ver\u00e3o, o que gera sazonalidade na unidade. As contrata\u00e7\u00f5es variam de acordo com a necessidade de produ\u00e7\u00e3o e com a esta\u00e7\u00e3o do ano.<\/p>\n","protected":false},"excerpt":{"rendered":"<p>Ap\u00f3s den\u00fancia do Sudoeste Hoje, colocando em cheque a pol\u00edtica de gera\u00e7\u00e3o de empregos do governo do estado no M\u00e9dio Sudoeste, para recuperar o &#8216;baque&#8217; das demiss\u00f5es da Azaleia na regi\u00e3o (veja aqui), a Secretaria de Desenvolvimento Econ\u00f4mico do Estado da Bahia (SDE), procurou o grupo respons\u00e1vel pela f\u00e1brica de cal\u00e7ados que emitiu aviso pr\u00e9vio [&hellip;]<\/p>\n","protected":false},"author":2,"featured_media":74017,"comment_status":"open","ping_status":"open","sticky":false,"template":"","format":"standard","meta":{"footnotes":"","_links_to":"","_links_to_target":""},"categories":[1],"tags":[],"class_list":["post-74016","post","type-post","status-publish","format-standard","has-post-thumbnail","hentry","category-geral"],"views":1437,"_links":{"self":[{"href":"https:\/\/www.sudoestehoje.com.br\/novoportal\/wp-json\/wp\/v2\/posts\/74016","targetHints":{"allow":["GET"]}}],"collection":[{"href":"https:\/\/www.sudoestehoje.com.br\/novoportal\/wp-json\/wp\/v2\/posts"}],"about":[{"href":"https:\/\/www.sudoestehoje.com.br\/novoportal\/wp-json\/wp\/v2\/types\/post"}],"author":[{"embeddable":true,"href":"https:\/\/www.sudoestehoje.com.br\/novoportal\/wp-json\/wp\/v2\/users\/2"}],"replies":[{"embeddable":true,"href":"https:\/\/www.sudoestehoje.com.br\/novoportal\/wp-json\/wp\/v2\/comments?post=74016"}],"version-history":[{"count":4,"href":"https:\/\/www.sudoestehoje.com.br\/novoportal\/wp-json\/wp\/v2\/posts\/74016\/revisions"}],"predecessor-version":[{"id":74021,"href":"https:\/\/www.sudoestehoje.com.br\/novoportal\/wp-json\/wp\/v2\/posts\/74016\/revisions\/74021"}],"wp:featuredmedia":[{"embeddable":true,"href":"https:\/\/www.sudoestehoje.com.br\/novoportal\/wp-json\/wp\/v2\/media\/74017"}],"wp:attachment":[{"href":"https:\/\/www.sudoestehoje.com.br\/novoportal\/wp-json\/wp\/v2\/media?parent=74016"}],"wp:term":[{"taxonomy":"category","embeddable":true,"href":"https:\/\/www.sudoestehoje.com.br\/novoportal\/wp-json\/wp\/v2\/categories?post=74016"},{"taxonomy":"post_tag","embeddable":true,"href":"https:\/\/www.sudoestehoje.com.br\/novoportal\/wp-json\/wp\/v2\/tags?post=74016"}],"curies":[{"name":"wp","href":"https:\/\/api.w.org\/{rel}","templated":true}]}}