
{"id":74011,"date":"2018-08-03T17:47:20","date_gmt":"2018-08-03T20:47:20","guid":{"rendered":"http:\/\/www.sudoestehoje.com.br\/novoportal\/?p=74011"},"modified":"2018-08-03T17:47:20","modified_gmt":"2018-08-03T20:47:20","slug":"dem-oficializa-candidatura-de-ze-ronaldo","status":"publish","type":"post","link":"https:\/\/www.sudoestehoje.com.br\/novoportal\/2018\/08\/03\/dem-oficializa-candidatura-de-ze-ronaldo\/","title":{"rendered":"DEM OFICIALIZA CANDIDATURA DE Z\u00c9 RONALDO"},"content":{"rendered":"<p><a href=\"http:\/\/www.sudoestehoje.com.br\/novoportal\/wp-content\/uploads\/2018\/08\/CONV.jpeg\"><img loading=\"lazy\" decoding=\"async\" class=\"aligncenter size-medium wp-image-74013\" src=\"http:\/\/www.sudoestehoje.com.br\/novoportal\/wp-content\/uploads\/2018\/08\/CONV-500x265.jpeg\" alt=\"\" width=\"500\" height=\"265\" srcset=\"https:\/\/www.sudoestehoje.com.br\/novoportal\/wp-content\/uploads\/2018\/08\/CONV-500x265.jpeg 500w, https:\/\/www.sudoestehoje.com.br\/novoportal\/wp-content\/uploads\/2018\/08\/CONV-768x407.jpeg 768w, https:\/\/www.sudoestehoje.com.br\/novoportal\/wp-content\/uploads\/2018\/08\/CONV-700x371.jpeg 700w, https:\/\/www.sudoestehoje.com.br\/novoportal\/wp-content\/uploads\/2018\/08\/CONV.jpeg 1000w\" sizes=\"auto, (max-width: 500px) 100vw, 500px\" \/><\/a><\/p>\n<p>Durante a conven\u00e7\u00e3o do DEM na Bahia, o ex-prefeito de Feira de Santana, Jos\u00e9 Ronaldo, foi oficializado como candidato do partido ao governo do Estado. Na ocasi\u00e3o, foi tamb\u00e9m anunciada a vice na chapa. Ser\u00e1 a m\u00e9dica M\u00f4nica Bahia, filiada ao PSDB.<\/p>\n<p>Ao lado de companheiros de chapa j\u00e1 confirmados, como Irm\u00e3o L\u00e1zaro (PSC) e Jutahy Magalh\u00e3es Jr. (PSDB), e tamb\u00e9m do prefeito ACM Neto, Z\u00e9 Ronaldo refor\u00e7ou seu compromisso com os 417 munic\u00edpios da Bahia.<\/p>\n<p><em>\u00a0\u201cQuis o destino que um menino pobre de Paripiranga chegasse at\u00e9 aqui. O poder nunca me venceu. Nunca serei confundido com dinheiro de Fonte Nova, nem com rel\u00f3gios car\u00edssimos presenteados por empreiteiras\u201d<\/em>, alfinetou o candidato.<\/p>\n","protected":false},"excerpt":{"rendered":"<p>Durante a conven\u00e7\u00e3o do DEM na Bahia, o ex-prefeito de Feira de Santana, Jos\u00e9 Ronaldo, foi oficializado como candidato do partido ao governo do Estado. Na ocasi\u00e3o, foi tamb\u00e9m anunciada a vice na chapa. Ser\u00e1 a m\u00e9dica M\u00f4nica Bahia, filiada ao PSDB. Ao lado de companheiros de chapa j\u00e1 confirmados, como Irm\u00e3o L\u00e1zaro (PSC) e [&hellip;]<\/p>\n","protected":false},"author":2,"featured_media":74013,"comment_status":"open","ping_status":"open","sticky":false,"template":"","format":"standard","meta":{"footnotes":"","_links_to":"","_links_to_target":""},"categories":[1],"tags":[],"class_list":["post-74011","post","type-post","status-publish","format-standard","has-post-thumbnail","hentry","category-geral"],"views":1007,"_links":{"self":[{"href":"https:\/\/www.sudoestehoje.com.br\/novoportal\/wp-json\/wp\/v2\/posts\/74011","targetHints":{"allow":["GET"]}}],"collection":[{"href":"https:\/\/www.sudoestehoje.com.br\/novoportal\/wp-json\/wp\/v2\/posts"}],"about":[{"href":"https:\/\/www.sudoestehoje.com.br\/novoportal\/wp-json\/wp\/v2\/types\/post"}],"author":[{"embeddable":true,"href":"https:\/\/www.sudoestehoje.com.br\/novoportal\/wp-json\/wp\/v2\/users\/2"}],"replies":[{"embeddable":true,"href":"https:\/\/www.sudoestehoje.com.br\/novoportal\/wp-json\/wp\/v2\/comments?post=74011"}],"version-history":[{"count":2,"href":"https:\/\/www.sudoestehoje.com.br\/novoportal\/wp-json\/wp\/v2\/posts\/74011\/revisions"}],"predecessor-version":[{"id":74014,"href":"https:\/\/www.sudoestehoje.com.br\/novoportal\/wp-json\/wp\/v2\/posts\/74011\/revisions\/74014"}],"wp:featuredmedia":[{"embeddable":true,"href":"https:\/\/www.sudoestehoje.com.br\/novoportal\/wp-json\/wp\/v2\/media\/74013"}],"wp:attachment":[{"href":"https:\/\/www.sudoestehoje.com.br\/novoportal\/wp-json\/wp\/v2\/media?parent=74011"}],"wp:term":[{"taxonomy":"category","embeddable":true,"href":"https:\/\/www.sudoestehoje.com.br\/novoportal\/wp-json\/wp\/v2\/categories?post=74011"},{"taxonomy":"post_tag","embeddable":true,"href":"https:\/\/www.sudoestehoje.com.br\/novoportal\/wp-json\/wp\/v2\/tags?post=74011"}],"curies":[{"name":"wp","href":"https:\/\/api.w.org\/{rel}","templated":true}]}}