
{"id":73980,"date":"2018-08-02T08:13:07","date_gmt":"2018-08-02T11:13:07","guid":{"rendered":"http:\/\/www.sudoestehoje.com.br\/novoportal\/?p=73980"},"modified":"2018-08-02T08:13:07","modified_gmt":"2018-08-02T11:13:07","slug":"itapetinga-prefeito-rodrigo-hagge-participa-da-convencao-do-mdb-em-salvador","status":"publish","type":"post","link":"https:\/\/www.sudoestehoje.com.br\/novoportal\/2018\/08\/02\/itapetinga-prefeito-rodrigo-hagge-participa-da-convencao-do-mdb-em-salvador\/","title":{"rendered":"ITAPETINGA: PREFEITO RODRIGO HAGGE PARTICIPA DA CONVEN\u00c7\u00c3O DO MDB EM SALVADOR"},"content":{"rendered":"<p><a href=\"http:\/\/www.sudoestehoje.com.br\/novoportal\/wp-content\/uploads\/2018\/08\/mdb-conv.jpg\"><img loading=\"lazy\" decoding=\"async\" class=\"aligncenter  wp-image-73981\" src=\"http:\/\/www.sudoestehoje.com.br\/novoportal\/wp-content\/uploads\/2018\/08\/mdb-conv.jpg\" alt=\"\" width=\"501\" height=\"369\" \/><\/a><\/p>\n<p>Um dos prefeitos presentes na conven\u00e7\u00e3o do MDB que oficializou o nome de Jo\u00e3o Santana ao governo da Bahia, nesta quarta-feira (1\u00b0), o gestor de Itapetinga, Rodrigo Hagge (MDB), disse acreditar que Colbert Martins (MDB), de Feira de Santana, tenha \u201ctomando o melhor caminho\u201d, ao declarar apoio a Jos\u00e9 Ronaldo (DEM).<\/p>\n<p>\u201cCada munic\u00edpio tem sua particularidade, sua hist\u00f3rica pol\u00edtica. \u00c9 muito dif\u00edcil julgar atitudes de l\u00edderes de outros munic\u00edpios. N\u00e3o tenho clareza, pois n\u00e3o conhe\u00e7o a hist\u00f3ria de Feira de Santana para julgar se foi correta ou errada. Creio que ele, por ser ponderado, correto e \u00a0experimento tenha tomado o melhor caminho\u201d, afirmou.<\/p>\n<p>Sobre a decis\u00e3o de apoiar o emedebista, Hagge disse que a ideologia e partido pesaram na decis\u00e3o.<\/p>\n<p>\u201cOlha, eu venho de uma ala extremamente tradicional. Meu av\u00f4 foi do antigo MDB, passou desde a sua funda\u00e7\u00e3o at\u00e9 os dias de hoje. Essa talvez seja sua maior crise que o partido atravessa estado da Bahia. Nesse momento de crise, de dificuldade, n\u00f3s, dessa ala mais tradicional, n\u00e3o poder\u00edamos deixar partidos \u00f3rf\u00e3os dos seus criadores, dos seus membros. Vamos arrega\u00e7ar a manga da camisa e mergulhar na campanha\u201d, contou. \/\/<em>Bahia Not\u00edcias<\/em><\/p>\n","protected":false},"excerpt":{"rendered":"<p>Um dos prefeitos presentes na conven\u00e7\u00e3o do MDB que oficializou o nome de Jo\u00e3o Santana ao governo da Bahia, nesta quarta-feira (1\u00b0), o gestor de Itapetinga, Rodrigo Hagge (MDB), disse acreditar que Colbert Martins (MDB), de Feira de Santana, tenha \u201ctomando o melhor caminho\u201d, ao declarar apoio a Jos\u00e9 Ronaldo (DEM). \u201cCada munic\u00edpio tem sua [&hellip;]<\/p>\n","protected":false},"author":2,"featured_media":73981,"comment_status":"open","ping_status":"open","sticky":false,"template":"","format":"standard","meta":{"footnotes":"","_links_to":"","_links_to_target":""},"categories":[1],"tags":[],"class_list":["post-73980","post","type-post","status-publish","format-standard","has-post-thumbnail","hentry","category-geral"],"views":1093,"_links":{"self":[{"href":"https:\/\/www.sudoestehoje.com.br\/novoportal\/wp-json\/wp\/v2\/posts\/73980","targetHints":{"allow":["GET"]}}],"collection":[{"href":"https:\/\/www.sudoestehoje.com.br\/novoportal\/wp-json\/wp\/v2\/posts"}],"about":[{"href":"https:\/\/www.sudoestehoje.com.br\/novoportal\/wp-json\/wp\/v2\/types\/post"}],"author":[{"embeddable":true,"href":"https:\/\/www.sudoestehoje.com.br\/novoportal\/wp-json\/wp\/v2\/users\/2"}],"replies":[{"embeddable":true,"href":"https:\/\/www.sudoestehoje.com.br\/novoportal\/wp-json\/wp\/v2\/comments?post=73980"}],"version-history":[{"count":2,"href":"https:\/\/www.sudoestehoje.com.br\/novoportal\/wp-json\/wp\/v2\/posts\/73980\/revisions"}],"predecessor-version":[{"id":73983,"href":"https:\/\/www.sudoestehoje.com.br\/novoportal\/wp-json\/wp\/v2\/posts\/73980\/revisions\/73983"}],"wp:featuredmedia":[{"embeddable":true,"href":"https:\/\/www.sudoestehoje.com.br\/novoportal\/wp-json\/wp\/v2\/media\/73981"}],"wp:attachment":[{"href":"https:\/\/www.sudoestehoje.com.br\/novoportal\/wp-json\/wp\/v2\/media?parent=73980"}],"wp:term":[{"taxonomy":"category","embeddable":true,"href":"https:\/\/www.sudoestehoje.com.br\/novoportal\/wp-json\/wp\/v2\/categories?post=73980"},{"taxonomy":"post_tag","embeddable":true,"href":"https:\/\/www.sudoestehoje.com.br\/novoportal\/wp-json\/wp\/v2\/tags?post=73980"}],"curies":[{"name":"wp","href":"https:\/\/api.w.org\/{rel}","templated":true}]}}