
{"id":73970,"date":"2018-08-01T19:37:33","date_gmt":"2018-08-01T22:37:33","guid":{"rendered":"http:\/\/www.sudoestehoje.com.br\/novoportal\/?p=73970"},"modified":"2018-08-01T19:51:10","modified_gmt":"2018-08-01T22:51:10","slug":"urgente-renata-mello-da-aviso-previo-a-210-funcionarios-da-sua-fabrica-em-itapetinga","status":"publish","type":"post","link":"https:\/\/www.sudoestehoje.com.br\/novoportal\/2018\/08\/01\/urgente-renata-mello-da-aviso-previo-a-210-funcionarios-da-sua-fabrica-em-itapetinga\/","title":{"rendered":"URGENTE! RENATA MELLO D\u00c1 AVISO PR\u00c9VIO A 210 FUNCION\u00c1RIOS DA SUA F\u00c1BRICA EM ITAPETINGA"},"content":{"rendered":"<p><a href=\"http:\/\/www.sudoestehoje.com.br\/novoportal\/wp-content\/uploads\/2018\/08\/RENATA.jpg\"><img loading=\"lazy\" decoding=\"async\" class=\"aligncenter size-medium wp-image-73971\" src=\"http:\/\/www.sudoestehoje.com.br\/novoportal\/wp-content\/uploads\/2018\/08\/RENATA-500x281.jpg\" alt=\"\" width=\"500\" height=\"281\" srcset=\"https:\/\/www.sudoestehoje.com.br\/novoportal\/wp-content\/uploads\/2018\/08\/RENATA-500x281.jpg 500w, https:\/\/www.sudoestehoje.com.br\/novoportal\/wp-content\/uploads\/2018\/08\/RENATA-768x432.jpg 768w, https:\/\/www.sudoestehoje.com.br\/novoportal\/wp-content\/uploads\/2018\/08\/RENATA-700x394.jpg 700w, https:\/\/www.sudoestehoje.com.br\/novoportal\/wp-content\/uploads\/2018\/08\/RENATA.jpg 1600w\" sizes=\"auto, (max-width: 500px) 100vw, 500px\" \/><\/a><\/p>\n<p>No final da tarde desta quarta-feira (1), a reda\u00e7\u00e3o do Sudoeste Hoje foi informada, por fonte fidedigna, que a ind\u00fastria de Cal\u00e7ados Renata Mello acaba de dar aviso pr\u00e9vio a cerca de 210 funcion\u00e1rios da sua f\u00e1brica em Itapetinga e 30 da filial de Igua\u00ed, alegando dificuldades de mercado e a crise econ\u00f4mica.<\/p>\n<p>Se as demiss\u00f5es forem mesmo consumadas, a pol\u00edtica de gera\u00e7\u00e3o de empregos do Governo do Estado, atrav\u00e9s da Secretaria do Desenvolvimento Econ\u00f4mica, ser\u00e1 colocada em cheque, derrubando por terra as promessas do governador Rui Costa de reerguer a economia do M\u00e9dio Sudoeste, ainda abalada pelas mais de 18 mil demiss\u00f5es da Azal\u00e9ia, que devastou a regi\u00e3o.<\/p>\n<p>O blog foi informado ainda que a Vulcabras\/Azaleia demitiu cerca de 100 colaboradores, nos meses de junho e julho, outro fator preocupante para a economia de Itapetinga e regi\u00e3o.<\/p>\n<p>O Editor o Sudoeste Hoje entrou em contato com o prefeito Rodrigo Hagge, que dever\u00e1 entrar em contato com a dire\u00e7\u00e3o da Renata Melo, visando reverter as demiss\u00f5es.<\/p>\n<p>A f\u00e1brica da Renata Mello em Itapetinga conta hoje com cerca de 300 funcion\u00e1rios.<\/p>\n<p>AGUARDEM MAIS INFORMA\u00c7\u00d5ES.<\/p>\n<p><strong><em>Por Davi Ferraz<\/em><\/strong><\/p>\n","protected":false},"excerpt":{"rendered":"<p>No final da tarde desta quarta-feira (1), a reda\u00e7\u00e3o do Sudoeste Hoje foi informada, por fonte fidedigna, que a ind\u00fastria de Cal\u00e7ados Renata Mello acaba de dar aviso pr\u00e9vio a cerca de 210 funcion\u00e1rios da sua f\u00e1brica em Itapetinga e 30 da filial de Igua\u00ed, alegando dificuldades de mercado e a crise econ\u00f4mica. Se as [&hellip;]<\/p>\n","protected":false},"author":2,"featured_media":73971,"comment_status":"open","ping_status":"open","sticky":false,"template":"","format":"standard","meta":{"footnotes":"","_links_to":"","_links_to_target":""},"categories":[1],"tags":[],"class_list":["post-73970","post","type-post","status-publish","format-standard","has-post-thumbnail","hentry","category-geral"],"views":12966,"_links":{"self":[{"href":"https:\/\/www.sudoestehoje.com.br\/novoportal\/wp-json\/wp\/v2\/posts\/73970","targetHints":{"allow":["GET"]}}],"collection":[{"href":"https:\/\/www.sudoestehoje.com.br\/novoportal\/wp-json\/wp\/v2\/posts"}],"about":[{"href":"https:\/\/www.sudoestehoje.com.br\/novoportal\/wp-json\/wp\/v2\/types\/post"}],"author":[{"embeddable":true,"href":"https:\/\/www.sudoestehoje.com.br\/novoportal\/wp-json\/wp\/v2\/users\/2"}],"replies":[{"embeddable":true,"href":"https:\/\/www.sudoestehoje.com.br\/novoportal\/wp-json\/wp\/v2\/comments?post=73970"}],"version-history":[{"count":4,"href":"https:\/\/www.sudoestehoje.com.br\/novoportal\/wp-json\/wp\/v2\/posts\/73970\/revisions"}],"predecessor-version":[{"id":73975,"href":"https:\/\/www.sudoestehoje.com.br\/novoportal\/wp-json\/wp\/v2\/posts\/73970\/revisions\/73975"}],"wp:featuredmedia":[{"embeddable":true,"href":"https:\/\/www.sudoestehoje.com.br\/novoportal\/wp-json\/wp\/v2\/media\/73971"}],"wp:attachment":[{"href":"https:\/\/www.sudoestehoje.com.br\/novoportal\/wp-json\/wp\/v2\/media?parent=73970"}],"wp:term":[{"taxonomy":"category","embeddable":true,"href":"https:\/\/www.sudoestehoje.com.br\/novoportal\/wp-json\/wp\/v2\/categories?post=73970"},{"taxonomy":"post_tag","embeddable":true,"href":"https:\/\/www.sudoestehoje.com.br\/novoportal\/wp-json\/wp\/v2\/tags?post=73970"}],"curies":[{"name":"wp","href":"https:\/\/api.w.org\/{rel}","templated":true}]}}