
{"id":73952,"date":"2018-08-01T17:10:22","date_gmt":"2018-08-01T20:10:22","guid":{"rendered":"http:\/\/www.sudoestehoje.com.br\/novoportal\/?p=73952"},"modified":"2018-08-01T17:10:22","modified_gmt":"2018-08-01T20:10:22","slug":"democratas-realiza-convencao-nesta-sexta-para-homologar-candidaturas-ao-governo-senado-e-deputados","status":"publish","type":"post","link":"https:\/\/www.sudoestehoje.com.br\/novoportal\/2018\/08\/01\/democratas-realiza-convencao-nesta-sexta-para-homologar-candidaturas-ao-governo-senado-e-deputados\/","title":{"rendered":"DEMOCRATAS REALIZA CONVEN\u00c7\u00c3O NESTA SEXTA PARA HOMOLOGAR CANDIDATURAS AO GOVERNO, SENADO E DEPUTADOS"},"content":{"rendered":"<p class=\"yiv6976115932MsoNormal\"><a href=\"http:\/\/www.sudoestehoje.com.br\/novoportal\/wp-content\/uploads\/2018\/08\/WhatsApp-Image-2018-08-01-at-14.55.03.jpeg\"><img loading=\"lazy\" decoding=\"async\" class=\"aligncenter size-medium wp-image-73954\" src=\"http:\/\/www.sudoestehoje.com.br\/novoportal\/wp-content\/uploads\/2018\/08\/WhatsApp-Image-2018-08-01-at-14.55.03-500x618.jpeg\" alt=\"\" width=\"500\" height=\"618\" srcset=\"https:\/\/www.sudoestehoje.com.br\/novoportal\/wp-content\/uploads\/2018\/08\/WhatsApp-Image-2018-08-01-at-14.55.03-500x618.jpeg 500w, https:\/\/www.sudoestehoje.com.br\/novoportal\/wp-content\/uploads\/2018\/08\/WhatsApp-Image-2018-08-01-at-14.55.03-768x948.jpeg 768w, https:\/\/www.sudoestehoje.com.br\/novoportal\/wp-content\/uploads\/2018\/08\/WhatsApp-Image-2018-08-01-at-14.55.03-700x865.jpeg 700w, https:\/\/www.sudoestehoje.com.br\/novoportal\/wp-content\/uploads\/2018\/08\/WhatsApp-Image-2018-08-01-at-14.55.03.jpeg 1000w\" sizes=\"auto, (max-width: 500px) 100vw, 500px\" \/><\/a><\/p>\n<p class=\"yiv6976115932MsoNormal\">A Conven\u00e7\u00e3o Estadual do Democratas ser\u00e1 realizada nesta sexta-feira (03), no Hotel Fiesta, Avenida ACM (Itaigara), a partir das 9 horas. O ato homologar\u00e1 a candidatura de Jos\u00e9 Ronaldo, ao governo do estado; e confirmar\u00e1 os nomes dos deputados federais Jutahy Junior (PSDB) e Irm\u00e3o L\u00e1zaro (PSC) para disputar as vagas do senado federal.<\/p>\n<p class=\"yiv6976115932MsoNormal\">Nascido em Paripiranga, no sert\u00e3o baiano, Jos\u00e9 Ronaldo de Carvalho deixou sua cidade natal ainda menino para continuar os estudos em C\u00edcero Dantas. Logo depois, foi fazer o ensino m\u00e9dio e trabalhar em Feira de Santana. Na Princesa do Sert\u00e3o, foi gestor do hospital da cidade. Foi vereador, prefeito em quatro mandatos, deputado estadual tr\u00eas vezes, deputado federal e, como l\u00edder municipalista, chegou \u00e0 presid\u00eancia da Uni\u00e3o dos Munic\u00edpios da Bahia (UPB).<\/p>\n","protected":false},"excerpt":{"rendered":"<p>A Conven\u00e7\u00e3o Estadual do Democratas ser\u00e1 realizada nesta sexta-feira (03), no Hotel Fiesta, Avenida ACM (Itaigara), a partir das 9 horas. O ato homologar\u00e1 a candidatura de Jos\u00e9 Ronaldo, ao governo do estado; e confirmar\u00e1 os nomes dos deputados federais Jutahy Junior (PSDB) e Irm\u00e3o L\u00e1zaro (PSC) para disputar as vagas do senado federal. Nascido [&hellip;]<\/p>\n","protected":false},"author":2,"featured_media":73954,"comment_status":"open","ping_status":"open","sticky":false,"template":"","format":"standard","meta":{"footnotes":"","_links_to":"","_links_to_target":""},"categories":[1],"tags":[],"class_list":["post-73952","post","type-post","status-publish","format-standard","has-post-thumbnail","hentry","category-geral"],"views":977,"_links":{"self":[{"href":"https:\/\/www.sudoestehoje.com.br\/novoportal\/wp-json\/wp\/v2\/posts\/73952","targetHints":{"allow":["GET"]}}],"collection":[{"href":"https:\/\/www.sudoestehoje.com.br\/novoportal\/wp-json\/wp\/v2\/posts"}],"about":[{"href":"https:\/\/www.sudoestehoje.com.br\/novoportal\/wp-json\/wp\/v2\/types\/post"}],"author":[{"embeddable":true,"href":"https:\/\/www.sudoestehoje.com.br\/novoportal\/wp-json\/wp\/v2\/users\/2"}],"replies":[{"embeddable":true,"href":"https:\/\/www.sudoestehoje.com.br\/novoportal\/wp-json\/wp\/v2\/comments?post=73952"}],"version-history":[{"count":2,"href":"https:\/\/www.sudoestehoje.com.br\/novoportal\/wp-json\/wp\/v2\/posts\/73952\/revisions"}],"predecessor-version":[{"id":73955,"href":"https:\/\/www.sudoestehoje.com.br\/novoportal\/wp-json\/wp\/v2\/posts\/73952\/revisions\/73955"}],"wp:featuredmedia":[{"embeddable":true,"href":"https:\/\/www.sudoestehoje.com.br\/novoportal\/wp-json\/wp\/v2\/media\/73954"}],"wp:attachment":[{"href":"https:\/\/www.sudoestehoje.com.br\/novoportal\/wp-json\/wp\/v2\/media?parent=73952"}],"wp:term":[{"taxonomy":"category","embeddable":true,"href":"https:\/\/www.sudoestehoje.com.br\/novoportal\/wp-json\/wp\/v2\/categories?post=73952"},{"taxonomy":"post_tag","embeddable":true,"href":"https:\/\/www.sudoestehoje.com.br\/novoportal\/wp-json\/wp\/v2\/tags?post=73952"}],"curies":[{"name":"wp","href":"https:\/\/api.w.org\/{rel}","templated":true}]}}